[{"@context":"https:\/\/schema.org\/","@type":"Article","@id":"https:\/\/www.tomina.cz\/bryle-na-pocitac-proti-modremu-svetlu-vam-poslouzi-i-jinde\/#Article","mainEntityOfPage":"https:\/\/www.tomina.cz\/bryle-na-pocitac-proti-modremu-svetlu-vam-poslouzi-i-jinde\/","headline":"Br\u00fdle na po\u010d\u00edta\u010d proti modr\u00e9mu sv\u011btlu v\u00e1m poslou\u017e\u00ed i jinde","name":"Br\u00fdle na po\u010d\u00edta\u010d proti modr\u00e9mu sv\u011btlu v\u00e1m poslou\u017e\u00ed i jinde","description":"Modr\u00e1 slo\u017eka sv\u011bteln\u00e9ho viditeln\u00e9ho spektra slune\u010dn\u00edho z\u00e1\u0159en\u00ed, p\u0159\u00edpadn\u011b um\u011bl\u00e9ho sv\u011btla, p\u0159isp\u00edv\u00e1 k v\u011bt\u0161\u00ed bd\u011blosti, ostra\u017eitosti a aktivit\u011b. Lidsk\u00fd organismus na p\u0159evahu modr\u00e9 barvy v denn\u00edm sv\u011btle adekv\u00e1tn\u011b reaguje i vy\u0161\u0161\u00ed v\u00fdkonnost\u00ed. Nice se v\u0161ak nesm\u00ed p\u0159eh\u00e1n\u011bt, a pokud je modr\u00e9 barvy v osv\u011btlen\u00ed p\u0159\u00edli\u0161 mnoho, naru\u0161uje to p\u0159irozen\u00fd denn\u00ed biorytmus. Sta\u010d\u00ed se rozhl\u00e9dnout kolem sebe...","datePublished":"2022-06-18","dateModified":"2023-04-29","author":{"@type":"Person","@id":"https:\/\/www.tomina.cz\/author\/#Person","name":"","url":"https:\/\/www.tomina.cz\/author\/","identifier":1,"image":{"@type":"ImageObject","@id":"https:\/\/secure.gravatar.com\/avatar\/4faace62981be50719be6a25151192978e6d585737a520836dcb98934de3bb45?s=96&d=mm&r=g","url":"https:\/\/secure.gravatar.com\/avatar\/4faace62981be50719be6a25151192978e6d585737a520836dcb98934de3bb45?s=96&d=mm&r=g","height":96,"width":96}},"publisher":{"@type":"Organization","name":"tomina.cz","logo":{"@type":"ImageObject","@id":"\/logo.png","url":"\/logo.png","width":600,"height":60}},"image":{"@type":"ImageObject","@id":"https:\/\/www.tomina.cz\/wp-content\/uploads\/sunglasses-1284392_640.jpg","url":"https:\/\/www.tomina.cz\/wp-content\/uploads\/sunglasses-1284392_640.jpg","height":0,"width":0},"url":"https:\/\/www.tomina.cz\/bryle-na-pocitac-proti-modremu-svetlu-vam-poslouzi-i-jinde\/","about":["Produkty"],"wordCount":421,"articleBody":"   Modr\u00e1 slo\u017eka sv\u011bteln\u00e9ho viditeln\u00e9ho spektra slune\u010dn\u00edho z\u00e1\u0159en\u00ed, p\u0159\u00edpadn\u011b um\u011bl\u00e9ho sv\u011btla, p\u0159isp\u00edv\u00e1 k v\u011bt\u0161\u00ed bd\u011blosti, ostra\u017eitosti a aktivit\u011b. Lidsk\u00fd organismus na p\u0159evahu modr\u00e9 barvy v denn\u00edm sv\u011btle adekv\u00e1tn\u011b reaguje i vy\u0161\u0161\u00ed v\u00fdkonnost\u00ed. Nice se v\u0161ak nesm\u00ed p\u0159eh\u00e1n\u011bt, a pokud je modr\u00e9 barvy v osv\u011btlen\u00ed p\u0159\u00edli\u0161 mnoho, naru\u0161uje to p\u0159irozen\u00fd denn\u00ed biorytmus.Sta\u010d\u00ed se rozhl\u00e9dnout kolem sebe a zamyslet se nad t\u00edm, jak to funguje v p\u0159\u00edrod\u011b. Za rann\u00edho rozb\u0159esku, kdy je slunce n\u00edzko nad obzorem, p\u0159evl\u00e1daj\u00ed v denn\u00edm sv\u011btle tepl\u00e9 t\u00f3ny barev, tedy \u010derven\u00e1, oran\u017eov\u00e1 a \u017elut\u00e1, a podobn\u00e9 je to i nave\u010der, kdy slunce zapad\u00e1 za obzor. Modr\u00e1 barva v pr\u016fb\u011bhu dne tedy kulminuje b\u011bhem dopoledne a kr\u00e1tce po poledni a jej\u00ed intenzita pak postupn\u011b sl\u00e1bne. Chybu v\u0161ak d\u011bl\u00e1 \u010dlov\u011bk, kter\u00fd pracuje na po\u010d\u00edta\u010di, a jeho monitor vyza\u0159uje p\u0159\u00edli\u0161 mnoho modr\u00e9ho sv\u011btla po celou dobu, \u0159ekn\u011bme od r\u00e1na do ve\u010dera. T\u00edm p\u00e1dem doch\u00e1z\u00ed k oslabov\u00e1n\u00ed zraku, k \u00fanav\u011b o\u010d\u00ed, a pokud tento stav trv\u00e1 del\u0161\u00ed dobu, bu\u0148ky zrakov\u00fdch org\u00e1n\u016f se nesta\u010d\u00ed dostate\u010dn\u011b regenerovat, odum\u00edraj\u00ed a t\u00edm se n\u00e1m kaz\u00ed zrak.Jist\u00fdm \u0159e\u0161en\u00edm proti tomuto jevu jsou br\u00fdle na po\u010d\u00edta\u010d s ochranou proti modr\u00e9mu sv\u011btlu. Mo\u017en\u00e1 budete nam\u00edtat, \u017ee lze vyu\u017e\u00edt software, kter\u00fd modrou slo\u017eku na monitoru utlum\u00ed, ov\u0161em v\u00fdhodou br\u00fdl\u00ed je to, \u017ee poskytuj\u00ed p\u00e9\u010di unaven\u00e9mu zraku i p\u0159i sledov\u00e1n\u00ed okoln\u00edch p\u0159edm\u011bt\u016f v kancel\u00e1\u0159i, na psac\u00edm stole a kdekoli jinde. Je to v\u00fdhodn\u00e9 v tom, \u017ee br\u00fdle m\u016f\u017eete nosit b\u011bhem dne v zam\u011bstn\u00e1n\u00ed a budou v\u00e1m chr\u00e1nit zrak po celou dobu, i kdy\u017e nebudete zrovna sledovat d\u011bn\u00ed na monitoru po\u010d\u00edta\u010de \u010di displeje mobiln\u00edho telefonu.Br\u00fdle proti modr\u00e9mu sv\u011btlu si samoz\u0159ejm\u011b m\u016f\u017eete br\u00e1t kamkoli s sebou, nap\u0159\u00edklad i na dovolenou, pokud poc\u00edt\u00edte pot\u0159ebu chr\u00e1nit v\u00e1\u0161 zrak p\u0159ed modrou slo\u017ekou sv\u011bteln\u00e9ho spektra nap\u0159. na hor\u00e1ch, u mo\u0159e, a kdekoli jinde se budete venku za denn\u00edho sv\u011btla pohybovat.                                                                                                                                                                                                                                                                                                                                                                                          3.6\/5 - (7 votes)        "},{"@context":"https:\/\/schema.org\/","@type":"BreadcrumbList","itemListElement":[{"@type":"ListItem","position":1,"name":"Br\u00fdle na po\u010d\u00edta\u010d proti modr\u00e9mu sv\u011btlu v\u00e1m poslou\u017e\u00ed i jinde","item":"https:\/\/www.tomina.cz\/bryle-na-pocitac-proti-modremu-svetlu-vam-poslouzi-i-jinde\/#breadcrumbitem"}]}]