[{"@context":"https:\/\/schema.org\/","@type":"Article","@id":"https:\/\/www.tomina.cz\/chodnicky\/#Article","mainEntityOfPage":"https:\/\/www.tomina.cz\/chodnicky\/","headline":"Chodn\u00ed\u010dky","name":"Chodn\u00ed\u010dky","description":"Ale i pro mnoh\u00e9 lidi m\u016f\u017ee p\u0159edstava domova b\u00fdt i \u010dernou m\u016frou. Nap\u0159\u00edklad pro ty, kte\u0159\u00ed si sv\u00e9 d\u011btstv\u00ed a ml\u00e1d\u00ed pro\u017eili v rodin\u011b s alkoholikem, bit\u00edm a ur\u00e1\u017ekami. Nebo bez rodi\u010d\u016f v d\u011btsk\u00e9m domov\u011b. Ti v\u011bt\u0161inou tou\u017e\u00ed po radik\u00e1ln\u00ed zm\u011bn\u011b a mnoh\u00fdm se ten nov\u00fdchodn\u00ed\u010dek \u017eivotapoda\u0159\u00ed vy\u0161lapat. Vzpom\u00ednky na domov, klid a pohodu, chv\u00edle...","datePublished":"2020-03-13","dateModified":"2023-04-29","author":{"@type":"Person","@id":"https:\/\/www.tomina.cz\/author\/#Person","name":"","url":"https:\/\/www.tomina.cz\/author\/","identifier":1,"image":{"@type":"ImageObject","@id":"https:\/\/secure.gravatar.com\/avatar\/4faace62981be50719be6a25151192978e6d585737a520836dcb98934de3bb45?s=96&d=mm&r=g","url":"https:\/\/secure.gravatar.com\/avatar\/4faace62981be50719be6a25151192978e6d585737a520836dcb98934de3bb45?s=96&d=mm&r=g","height":96,"width":96}},"publisher":{"@type":"Organization","name":"tomina.cz","logo":{"@type":"ImageObject","@id":"\/logo.png","url":"\/logo.png","width":600,"height":60}},"image":{"@type":"ImageObject","@id":"https:\/\/www.tomina.cz\/wp-content\/uploads\/img_a372688_w2969_t1584087786.jpg","url":"https:\/\/www.tomina.cz\/wp-content\/uploads\/img_a372688_w2969_t1584087786.jpg","height":0,"width":0},"url":"https:\/\/www.tomina.cz\/chodnicky\/","about":["Domov"],"wordCount":538,"articleBody":"Ale i pro mnoh\u00e9 lidi m\u016f\u017ee p\u0159edstava domova b\u00fdt i \u010dernou m\u016frou. Nap\u0159\u00edklad pro ty, kte\u0159\u00ed si sv\u00e9 d\u011btstv\u00ed a ml\u00e1d\u00ed pro\u017eili v rodin\u011b s alkoholikem, bit\u00edm a ur\u00e1\u017ekami. Nebo bez rodi\u010d\u016f v d\u011btsk\u00e9m domov\u011b. Ti v\u011bt\u0161inou tou\u017e\u00ed po radik\u00e1ln\u00ed zm\u011bn\u011b a mnoh\u00fdm se ten nov\u00fdchodn\u00ed\u010dek \u017eivotapoda\u0159\u00ed vy\u0161lapat. Vzpom\u00ednky na domov, klid a pohodu, chv\u00edle posezen\u00ed na zahrad\u011b a kr\u00e1sn\u00e9 chv\u00edle souzn\u011bn\u00ed. To, co jste si pro\u017eili v d\u011btstv\u00ed, \u017ee je\u0161t\u011b te\u010f se v\u00e1m vybav\u00ed v\u016fn\u011b mamin\u010din\u00fdch b\u00e1je\u010dn\u00fdch kol\u00e1\u010d\u016f a t\u00e1t\u016fv zdrav\u00fd selsk\u00fd rozum. Domov se v\u0161\u00edm v\u0161udy. Chv\u00edle p\u0159\u00edjemn\u00e9 i ty nevyda\u0159en\u00e9. A pokud jste se v d\u011btstv\u00ed c\u00edtili \u0161\u0165astn\u00ed, to sam\u00e9 chcete d\u00e1t i sv\u00fdm d\u011btem. Domov je samoz\u0159ejm\u011b o tom, v jak\u00e9 rodin\u011b jste \u017eili. Je to kus \u017eivota, pro\u017eit\u00fd v ur\u010dit\u00e9m prost\u0159ed\u00ed. A proto\u017ee v\u017edy v ka\u017ed\u00e9m z n\u00e1s pr\u00e1v\u011b vzpom\u00ednky zanech\u00e1vaj\u00ed ur\u010dit\u00e9 stopy, kter\u00e9 n\u00e1s pot\u00e9 z\u00e1konit\u011b nasm\u011bruj\u00ed tak, abychom si splnili p\u0159edstavy o sv\u00e9m vlastn\u00edm \u017eivot\u011b, nap\u0159\u00edklad v v rodinn\u00e9m kruhu.   T\u011b\u0161\u00edme se na zimu, a\u017e napadne sn\u00edh a b\u00edl\u00e1 krajina n\u00e1s bude jist\u00fdm zp\u016fsobem uklid\u0148ovat. Pot\u00e9 se t\u011b\u0161\u00edme na jaro, pak letn\u00ed slune\u010dn\u00e9 dny \u2026 St\u00e1le dokola. Ale nyn\u00ed jsou p\u0159ed n\u00e1mi jarn\u00ed dni, kter\u00e9 n\u00e1s budou l\u00e1kat nejenom k jarn\u00edm prac\u00edm p\u0159i \u00faprav\u011b zahrady, ale p\u0159edev\u0161\u00edm k venkovn\u00edmu p\u0159\u00edjemn\u00e9mu posezen\u00ed. Pokud nem\u00e1me zahradu, tak si pohodu na slun\u00ed\u010dku m\u016f\u017eeme p\u0159ipravit i na balk\u00f3n\u011b v bytov\u00e9m dom\u011b. Pohodln\u00e9 posezen\u00ed na terase \u010di v zahrad\u011b, s rodinou nebo s p\u0159\u00e1teli, tak to si dnes zaslou\u017e\u00ed i trochu komfortu. Nap\u0159\u00edklad v pohodln\u00fdch \u017eidl\u00edch a seda\u010dk\u00e1ch budete odpo\u010d\u00edvat pomalu jak v ob\u00fdvac\u00edm pokoji. Pro\u010d ne? Rodina si zaslou\u017e\u00ed i tento komfort. Je to mo\u017en\u00e1 trochu dra\u017e\u0161\u00ed finan\u010dn\u00ed z\u00e1le\u017eitost, ale pro tu pohodu to stoj\u00ed za to.  Variabiln\u00ed zahradn\u00ed n\u00e1bytek, kter\u00fd se nap\u0159\u00edklad skl\u00e1d\u00e1 z jedn\u00e9 nebo dvou seda\u010dek, dvou k\u0159esel spole\u010dn\u011b s ni\u017e\u0161\u00edm serv\u00edrovac\u00edm stolem. Kvalitn\u00ed zahradn\u00ed n\u00e1bytek m\u00e1 tu v\u00fdhodu, \u017ee je v\u011bt\u0161inou vyroben z velmi kvalitn\u00edho, tvrd\u00e9ho d\u0159eva (exotick\u00e9ho), m\u016f\u017ee b\u00fdt i polohovateln\u00fd. N\u00e1bytek, kter\u00fd bude po dlouh\u00e1 l\u00e9ta sou\u010d\u00e1st\u00ed va\u0161eho domova. Bude odol\u00e1vat jak slunci, tak de\u0161ti. A pohodln\u00e9, m\u011bkk\u00e9 polstrov\u00e1n\u00ed, to se d\u00e1 jednodu\u0161e kdykoliv odejmout a schovat. Pokud m\u00e1te d\u011bti a zahradu, kde si mohou hr\u00e1t, tak i pro n\u011b m\u016f\u017eete vytvo\u0159it mal\u00fd koutek s d\u011btsk\u00fdm zahradn\u00edm n\u00e1bytkem, kter\u00fd si zad\u00e1 s tou samou kvalitou, jako je pro dosp\u011bl\u00e9. A je nab\u00edzen i v p\u0159ijateln\u00fdch cen\u00e1ch.                                                                                                                                                                                                                                                                                                                                                                                         4.7\/5 - (4 votes)        "},{"@context":"https:\/\/schema.org\/","@type":"BreadcrumbList","itemListElement":[{"@type":"ListItem","position":1,"name":"Chodn\u00ed\u010dky","item":"https:\/\/www.tomina.cz\/chodnicky\/#breadcrumbitem"}]}]