[{"@context":"https:\/\/schema.org\/","@type":"Article","@id":"https:\/\/www.tomina.cz\/dekorace-v-interieru\/#Article","mainEntityOfPage":"https:\/\/www.tomina.cz\/dekorace-v-interieru\/","headline":"Dekorace v interi\u00e9ru","name":"Dekorace v interi\u00e9ru","description":"Co d\u011bl\u00e1 domov domovem? Nejenom n\u00e1bytek a vybaven\u00ed, ale hlavn\u011b vkusn\u00e9 a osobit\u00e9 dopl\u0148ky, kter\u00e9 dotvo\u0159\u00ed atmosf\u00e9ru. Obklopte se v\u011bcmi, kter\u00e9 pro v\u00e1s maj\u00ed by\u0165 sentiment\u00e1ln\u00ed hodnotu, ale dotvo\u0159\u00ed prostor, ve kter\u00e9m se budete c\u00edtit dob\u0159e. Jak\u00e9 dekorace budou do interi\u00e9ru to prav\u00e9 a jak\u00fdm se rad\u011bji vyvarovat? Dekorace ve stylu retro Retro dopl\u0148ky jsou...","datePublished":"2021-08-17","dateModified":"2023-04-29","author":{"@type":"Person","@id":"https:\/\/www.tomina.cz\/author\/#Person","name":"","url":"https:\/\/www.tomina.cz\/author\/","identifier":1,"image":{"@type":"ImageObject","@id":"https:\/\/secure.gravatar.com\/avatar\/4faace62981be50719be6a25151192978e6d585737a520836dcb98934de3bb45?s=96&d=mm&r=g","url":"https:\/\/secure.gravatar.com\/avatar\/4faace62981be50719be6a25151192978e6d585737a520836dcb98934de3bb45?s=96&d=mm&r=g","height":96,"width":96}},"publisher":{"@type":"Organization","name":"tomina.cz","logo":{"@type":"ImageObject","@id":"\/logo.png","url":"\/logo.png","width":600,"height":60}},"image":{"@type":"ImageObject","@id":"https:\/\/www.tomina.cz\/wp-content\/uploads\/lampa-exklusiv-seda-20-15-18-cm_F1KQyX.jpg","url":"https:\/\/www.tomina.cz\/wp-content\/uploads\/lampa-exklusiv-seda-20-15-18-cm_F1KQyX.jpg","height":0,"width":0},"url":"https:\/\/www.tomina.cz\/dekorace-v-interieru\/","about":["Produkty"],"wordCount":390,"articleBody":"         Co d\u011bl\u00e1 domov domovem? Nejenom n\u00e1bytek a vybaven\u00ed, ale hlavn\u011b vkusn\u00e9 a osobit\u00e9 dopl\u0148ky, kter\u00e9 dotvo\u0159\u00ed atmosf\u00e9ru. Obklopte se v\u011bcmi, kter\u00e9 pro v\u00e1s maj\u00ed by\u0165 sentiment\u00e1ln\u00ed hodnotu, ale dotvo\u0159\u00ed prostor, ve kter\u00e9m se budete c\u00edtit dob\u0159e. Jak\u00e9 dekorace budou do interi\u00e9ru to prav\u00e9 a jak\u00fdm se rad\u011bji vyvarovat?  Dekorace ve stylu retro Retro dopl\u0148ky jsou p\u0159ipom\u00ednkou dob d\u00e1vno minul\u00fdch, ale na rozd\u00edl od star\u00fdch v\u011bc\u00ed je\u0161t\u011b von\u00ed novotou a skv\u011ble se hod\u00ed do modern\u00edho interi\u00e9ru. V posledn\u00edch letech je retro styl velk\u00fdm hitem, pro\u010d by tedy podobn\u011b lad\u011bn\u00fd kab\u00e1t nemohl obl\u00e9knout i v\u00e1\u0161 domov? Dekorativn\u00ed lampy, ozdobn\u00e9 p\u0159ehozy, star\u00e9 plak\u00e1ty \u010di prout\u011bn\u00e9 ko\u0161\u00edky p\u0159em\u011bn\u00ed interi\u00e9r va\u0161e bytu k nepozn\u00e1n\u00ed. Jemn\u00e1 a p\u0159esto osobit\u00e1 Provence Oblast nach\u00e1zej\u00edc\u00ed se v jihov\u00fdchodn\u00ed \u010d\u00e1sti Francie, kter\u00e1 je provon\u011bn\u00e1 rozkvetlou levandul\u00ed a om\u00fdvan\u00e1 Azurov\u00fdm mo\u0159em. Kdo by si kousek tohoto r\u00e1je necht\u011bl p\u0159in\u00e9st i k sob\u011b dom\u016f. Vpus\u0165te k sob\u011b dom\u016f kouzlo Provence, kter\u00e9 ka\u017ed\u00e9mu interi\u00e9ru vd\u00fdchne pocit domova a \u00fatulnosti. Provence dekorace jsou pov\u011bt\u0161inou z p\u0159\u00edrodn\u00edch materi\u00e1l\u016f, jako je d\u0159evo, bavlna kov, \u010di keramika. Skv\u011bl\u00fdm dopl\u0148kem v Provence stylu tak budou pohovky \u010di povlaky v kv\u011btinov\u00fdch vzorech, smaltovan\u00e9 \u010di keramick\u00e9 n\u00e1dob\u00ed, ozdobn\u00e9 v\u00e1zy s levandul\u00ed \u010di ozdoba v podob\u011b dekora\u010dn\u00edho and\u011bla.  Hol\u00e9 st\u011bny p\u0159\u00edli\u0161 par\u00e1dy neud\u011blaj\u00ed V posledn\u00edch letech jsou velmi obl\u00edben\u00e9 neutr\u00e1ln\u00ed barvy nejenom na st\u011bn\u00e1ch, ale i v p\u0159\u00edpad\u011b dekorac\u00ed \u010di dopl\u0148k\u016f. Je ov\u0161em pot\u0159eba poznamenat, \u017ee neutr\u00e1ln\u00ed barvy doma p\u0159\u00edli\u0161 mnoho par\u00e1dy nevytvo\u0159\u00ed. Proto je dobr\u00e9 sv\u011btl\u00e9 barvy na st\u011bn\u00e1ch kombinovat s v\u00fdrazn\u011bj\u0161\u00edmi barvami v podob\u011b dopl\u0148k\u016f. Co t\u0159eba v\u00fdrazn\u011bj\u0161\u00ed tapeta na st\u011bn\u011b \u010di povle\u010den\u00ed v k\u0159iklav\u00fdch barv\u00e1ch, kter\u00e9 rozz\u00e1\u0159\u00ed celou m\u00edstnost? Nezapome\u0148te tak\u00e9 na obrazy \u010di zar\u00e1movan\u00e9 fotografie, kter\u00e9 r\u00e1zem prom\u011bn\u00ed cel\u00fd prostor k nepozn\u00e1n\u00ed. Inspiraci se meze nekladou.                                                                                                                                                                                                                                                                                                                                                                                           5\/5 - (3 votes)        "},{"@context":"https:\/\/schema.org\/","@type":"BreadcrumbList","itemListElement":[{"@type":"ListItem","position":1,"name":"Dekorace v interi\u00e9ru","item":"https:\/\/www.tomina.cz\/dekorace-v-interieru\/#breadcrumbitem"}]}]