[{"@context":"https:\/\/schema.org\/","@type":"Article","@id":"https:\/\/www.tomina.cz\/ibiskovy-caj-jako-vzpominka-na-gran-canaria\/#Article","mainEntityOfPage":"https:\/\/www.tomina.cz\/ibiskovy-caj-jako-vzpominka-na-gran-canaria\/","headline":"Ibi\u0161kov\u00fd \u010daj jako vzpom\u00ednka na Gran Canaria","name":"Ibi\u0161kov\u00fd \u010daj jako vzpom\u00ednka na Gran Canaria","description":"M\u00e1te v pl\u00e1nu vycestovat do zahrani\u010d\u00ed na exotickou dovolenou k mo\u0159i a cht\u011bli byste ji absolvovat t\u0159eba v zim\u011b? Pak bychom v\u00e1m mohli doporu\u010dit Kan\u00e1rsk\u00e9 ostrovy, nap\u0159\u00edklad ostrov Gran Canaria, jeho ji\u017en\u00ed c\u00edp s n\u00e1zvem Maspalomas. Jsou tu p\u0159ekr\u00e1sn\u00e9 v\u00fdhledy na Atlantsk\u00fd oce\u00e1n z vyv\u00fd\u0161en\u00e9ho prostranstv\u00ed nad pob\u0159e\u017e\u00edm, a cel\u00e1 scen\u00e9rie je dopln\u011bna p\u00edse\u010dn\u00fdmi dunami,...","datePublished":"2024-05-10","dateModified":"2024-05-10","author":{"@type":"Person","@id":"https:\/\/www.tomina.cz\/author\/#Person","name":"","url":"https:\/\/www.tomina.cz\/author\/","identifier":1,"image":{"@type":"ImageObject","@id":"https:\/\/secure.gravatar.com\/avatar\/4faace62981be50719be6a25151192978e6d585737a520836dcb98934de3bb45?s=96&d=mm&r=g","url":"https:\/\/secure.gravatar.com\/avatar\/4faace62981be50719be6a25151192978e6d585737a520836dcb98934de3bb45?s=96&d=mm&r=g","height":96,"width":96}},"publisher":{"@type":"Organization","name":"tomina.cz","logo":{"@type":"ImageObject","@id":"\/logo.png","url":"\/logo.png","width":600,"height":60}},"image":{"@type":"ImageObject","@id":"https:\/\/www.tomina.cz\/wp-content\/uploads\/gran-canaria-1684745_640.jpg","url":"https:\/\/www.tomina.cz\/wp-content\/uploads\/gran-canaria-1684745_640.jpg","height":0,"width":0},"url":"https:\/\/www.tomina.cz\/ibiskovy-caj-jako-vzpominka-na-gran-canaria\/","about":["Podnik\u00e1n\u00ed"],"wordCount":449,"articleBody":"   M\u00e1te v pl\u00e1nu vycestovat do zahrani\u010d\u00ed na exotickou dovolenou k mo\u0159i a cht\u011bli byste ji absolvovat t\u0159eba v zim\u011b? Pak bychom v\u00e1m mohli doporu\u010dit Kan\u00e1rsk\u00e9 ostrovy, nap\u0159\u00edklad ostrov Gran Canaria, jeho ji\u017en\u00ed c\u00edp s n\u00e1zvem Maspalomas. Jsou tu p\u0159ekr\u00e1sn\u00e9 v\u00fdhledy na Atlantsk\u00fd oce\u00e1n z vyv\u00fd\u0161en\u00e9ho prostranstv\u00ed nad pob\u0159e\u017e\u00edm, a cel\u00e1 scen\u00e9rie je dopln\u011bna p\u00edse\u010dn\u00fdmi dunami, kter\u00e9 p\u0159ipom\u00ednaj\u00ed africkou Saharu. Rekreanti se tu mohou ubytovat bu\u010f v hotelov\u00fdch komplexech, anebo v mal\u00fdch p\u0159\u00edzemn\u00edch bungalovech s vlastn\u00edm baz\u00e9nem. Nejv\u011bt\u0161\u00ed n\u00e1por turist\u016f tu b\u00fdv\u00e1 o letn\u00edch pr\u00e1zdnin\u00e1ch, naopak t\u0159eba v b\u0159eznu je tu v\u00edcem\u00e9n\u011b klid a polopr\u00e1zdn\u00e9 pl\u00e1\u017ee, i kdy\u017e je na Kan\u00e1rsk\u00fdch ostrovech po cel\u00fd rok p\u0159\u00edjemn\u00e9 teplo.Pokud si zvol\u00edte ubytov\u00e1n\u00ed v bungalovu, p\u0159ekvap\u00ed v\u00e1s tamn\u00ed parcely obest\u0159en\u00e9 \u017eiv\u00fdm plotem z ibi\u0161k\u016f. Ka\u017ed\u00fd plot tu vykvete p\u0159ekr\u00e1sn\u00fdmi \u010derven\u00fdmi a oran\u017eov\u00fdmi ob\u0159\u00edmi kv\u011bty a budete si tu p\u0159ipadat jako v poh\u00e1dce. A a\u017e se p\u0159ibl\u00ed\u017e\u00ed posledn\u00ed den pobytu, mo\u017en\u00e1 zatou\u017e\u00edte po n\u011bjak\u00e9 pam\u00e1tce na va\u0161i dovolenou, a tak si koup\u00edte kvalitn\u00ed ibi\u0161kov\u00fd \u010daj. P\u0159ipomene v\u00e1m kr\u00e1sn\u00e9 chv\u00edle str\u00e1ven\u00e9 za zdmi bungalovu v baz\u00e9nu nebo na tr\u00e1vn\u00edku v jeho sousedstv\u00ed.Ibi\u0161kov\u00fd \u010daj v\u00e1m p\u0159ipomene kr\u00e1sn\u00e9 chv\u00edle na dovolen\u00e9Ibi\u0161kov\u00fd \u010daj je velmi chutn\u00fd a zdrav\u00fd, podobn\u011b jako na\u0161e staro\u010desk\u00e1 klasika \u2013 \u0161\u00edpkov\u00fd \u010daj. M\u016f\u017eete jej pop\u00edjet pravideln\u011b a t\u0159eba po cel\u00fd rok, a to jak samostatn\u011b, tak i v \u010dajov\u00e9 sm\u011bsi. \u010caj podporuje tr\u00e1ven\u00ed, osv\u011b\u017euje organismus a pom\u00e1h\u00e1 p\u0159i \u00fanav\u011b a po svalov\u00e9  http:\/\/fblt.cz\/skripta\/iv-pohybova-soustava\/7-metabolismus-svalove-tkane\/ n\u00e1maze.Je to vhodn\u00fd n\u00e1poj i pro poho\u0161t\u011bn\u00ed va\u0161\u00ed n\u00e1v\u0161t\u011bvy, nam\u00edsto k\u00e1vy, pokud doty\u010dn\u00fdm vad\u00ed kofein a k\u00e1vu v\u016fbec nepij\u00ed, a pokud jim vad\u00ed i tein (kofein) v zelen\u00e9m \u010di \u010dern\u00e9m \u010daji, proto\u017ee ibi\u0161ek kofein neobsahuje. Po n\u00e1vratu z Kan\u00e1rsk\u00fdch ostrov\u016f to pro v\u00e1s bude velmi p\u0159\u00edjemn\u00e9 zpest\u0159en\u00ed p\u0159i posezen\u00ed v ob\u00fdv\u00e1ku a z\u00e1rove\u0148 vzpom\u00ednka na dovolenou ve chv\u00edli, kdy budete va\u0161im p\u0159\u00e1tel\u016fm na n\u00e1v\u0161t\u011bv\u011b serv\u00edrovat ob\u010derstven\u00ed a budete si prohl\u00ed\u017eet fotografie z va\u0161eho pobytu.                                                                                                                                                                                                                                                                                                                                                                                          4.6\/5 - (7 votes)        "},{"@context":"https:\/\/schema.org\/","@type":"BreadcrumbList","itemListElement":[{"@type":"ListItem","position":1,"name":"Ibi\u0161kov\u00fd \u010daj jako vzpom\u00ednka na Gran Canaria","item":"https:\/\/www.tomina.cz\/ibiskovy-caj-jako-vzpominka-na-gran-canaria\/#breadcrumbitem"}]}]