[{"@context":"https:\/\/schema.org\/","@type":"Article","@id":"https:\/\/www.tomina.cz\/jak-mit-dlouhe-rasy\/#Article","mainEntityOfPage":"https:\/\/www.tomina.cz\/jak-mit-dlouhe-rasy\/","headline":"Jak m\u00edt dlouh\u00e9 \u0159asy?","name":"Jak m\u00edt dlouh\u00e9 \u0159asy?","description":"Mil\u00e9 \u017eeny, kdybyste m\u011bly mo\u017enost vypadat jinak, tak co byste na sob\u011b zm\u011bnily? Ve v\u011bt\u0161in\u011b p\u0159\u00edpadech by byla asi jasn\u00e1 odpov\u011b\u010f a tou je postava. Ka\u017ed\u00e1 \u017eena tou\u017e\u00ed b\u00fdt \u0161t\u00edhl\u00e1. Ale jin\u00e9 \u017eeny by t\u0159eba rad\u011bji m\u011bly del\u0161\u00ed vlasy, v\u011bt\u0161\u00ed zadek nebo men\u0161\u00ed nos. \u017deny vyjmenuj\u00ed skoro v\u0161echny \u010d\u00e1sti t\u011bla, kter\u00e9 by cht\u011bly, aby byly...","datePublished":"2022-02-04","dateModified":"2023-04-29","author":{"@type":"Person","@id":"https:\/\/www.tomina.cz\/author\/#Person","name":"","url":"https:\/\/www.tomina.cz\/author\/","identifier":1,"image":{"@type":"ImageObject","@id":"https:\/\/secure.gravatar.com\/avatar\/4faace62981be50719be6a25151192978e6d585737a520836dcb98934de3bb45?s=96&d=mm&r=g","url":"https:\/\/secure.gravatar.com\/avatar\/4faace62981be50719be6a25151192978e6d585737a520836dcb98934de3bb45?s=96&d=mm&r=g","height":96,"width":96}},"publisher":{"@type":"Organization","name":"tomina.cz","logo":{"@type":"ImageObject","@id":"\/logo.png","url":"\/logo.png","width":600,"height":60}},"image":{"@type":"ImageObject","@id":"https:\/\/www.tomina.cz\/wp-content\/uploads\/eyes-5726595_640.png","url":"https:\/\/www.tomina.cz\/wp-content\/uploads\/eyes-5726595_640.png","height":0,"width":0},"url":"https:\/\/www.tomina.cz\/jak-mit-dlouhe-rasy\/","about":["Produkty"],"wordCount":432,"articleBody":"    Mil\u00e9 \u017eeny, kdybyste m\u011bly mo\u017enost vypadat jinak, tak co byste na sob\u011b zm\u011bnily? Ve v\u011bt\u0161in\u011b p\u0159\u00edpadech by byla asi jasn\u00e1 odpov\u011b\u010f a tou je postava. Ka\u017ed\u00e1 \u017eena tou\u017e\u00ed b\u00fdt \u0161t\u00edhl\u00e1. Ale jin\u00e9 \u017eeny by t\u0159eba rad\u011bji m\u011bly del\u0161\u00ed vlasy, v\u011bt\u0161\u00ed zadek nebo men\u0161\u00ed nos. \u017deny vyjmenuj\u00ed skoro v\u0161echny \u010d\u00e1sti t\u011bla, kter\u00e9 by cht\u011bly, aby byly jin\u00e9. Ale jen pram\u00e1lo \u017een \u0159ekne, \u017ee by cht\u011blo dlouh\u00e9 \u0159asy. Je a\u017e nespravedliv\u00e9, kdy\u017e potk\u00e1te mu\u017ee a on m\u00e1 dlouh\u00e9 a hust\u00e9 \u0159asy. Ale takov\u00fdch mu\u017e\u016f nen\u00ed zrovna m\u00e1lo. A kdy\u017e \u017eeny takov\u00e9ho mu\u017ee potkaj\u00ed, tak si \u0159\u00edkaj\u00ed, \u017ee by ud\u011blaly cokoli, aby m\u011bly takov\u00e9 kr\u00e1sn\u00e9 \u0159asy jako on. Asi \u017e\u00e1dnou \u017eenu nebav\u00ed ka\u017ed\u00e9 r\u00e1no st\u00e1t hodinu u zrcadla. My \u017eeny chceme vypadat kr\u00e1sn\u011b. Chceme m\u00edt kr\u00e1sn\u011b upraven\u00e9 vlasy a make up. Ale je to zdlouhav\u00e9. N\u011bkter\u00e9 \u017eeny u\u017e malov\u00e1n\u00ed omrzelo a tak se rozhodly pro permanentn\u00ed make up nebo lifting \u0159as. Je mo\u017en\u00e9, \u017ee jste tyto n\u00e1zvy je\u0161t\u011b nikdy nesly\u0161ely a ani nev\u00edte o nikom, kdo by takovou metodu podstoupil. Ale bu\u010fte si jisti, \u017ee u\u017e jste ur\u010dit\u011b takov\u00e9 \u017eeny potkaly, ale jen o tom nev\u00edte. Tyto procedury jsou \u010dasto vyhled\u00e1van\u00e9 a jsou velice obl\u00edben\u00e9. Najdou se i n\u011bkter\u00e9 \u017eeny, kter\u00e9 takov\u00fdm metod\u00e1m neholduj\u00ed, ale i tak by cht\u011bly m\u00edt dlouh\u00e9 \u0159asy. Tak p\u0159esn\u011b pro V\u00e1s m\u00e1me dobrou zpr\u00e1vu. V\u00edte, \u017ee existuje p\u0159\u00edpravek na r\u016fst \u0159as? P\u0159esn\u011b takov\u00e9 s\u00e9rum najde na str\u00e1nk\u00e1ch pulo.cz. Na t\u011bchto str\u00e1nk\u00e1ch najdete produkty, kter\u00e9 jsou 100% p\u0159\u00edrodn\u00ed. Tak\u017ee se nemus\u00edte b\u00e1t, \u017ee po aplikaci byste p\u0159i\u0161ly d\u00edky r\u016fzn\u00fdm chemik\u00e1li\u00edm i o zbytek Va\u0161ich \u0159as. D\u00edky tomu, \u017ee je to p\u0159\u00edrodn\u00ed produkt, tak se to p\u0159esn\u011b hod\u00ed pro ty \u017eeny, kter\u00e9 jsou citliv\u00e9 a h\u00e1kliv\u00e9 na r\u016fzn\u00e9 p\u0159\u00edpravky. Na t\u011bchto str\u00e1nk\u00e1ch toho najdete opravdu hodn\u011b. Nab\u00edzej\u00ed r\u016fznou pe\u010duj\u00edc\u00ed kosmetiku, dekorativn\u00ed kosmetiku, r\u016fzn\u00e9 kosmetick\u00e9 pom\u016fcky a mnoho dal\u0161\u00edho. Tak\u017ee pokud chcete m\u00edt kr\u00e1sn\u00e9, dlouh\u00e9, hust\u00e9 a zdrav\u00e9 \u0159asy, tak vyzkou\u0161ejte tento p\u0159\u00edpravek. Po p\u00e1r m\u011bs\u00edc\u00edch budete m\u00edt \u0159asy, kter\u00e9 V\u00e1m budou z\u00e1vid\u011bt i mu\u017ei.                                                                                                                                                                                                                                                                                                                                                                                         4\/5 - (6 votes)        "},{"@context":"https:\/\/schema.org\/","@type":"BreadcrumbList","itemListElement":[{"@type":"ListItem","position":1,"name":"Jak m\u00edt dlouh\u00e9 \u0159asy?","item":"https:\/\/www.tomina.cz\/jak-mit-dlouhe-rasy\/#breadcrumbitem"}]}]