[{"@context":"https:\/\/schema.org\/","@type":"Article","@id":"https:\/\/www.tomina.cz\/kdy-se-k-propagaci-vyuziva-reklamni-textil\/#Article","mainEntityOfPage":"https:\/\/www.tomina.cz\/kdy-se-k-propagaci-vyuziva-reklamni-textil\/","headline":"Kdy se k propagaci vyu\u017e\u00edv\u00e1 reklamn\u00ed textil","name":"Kdy se k propagaci vyu\u017e\u00edv\u00e1 reklamn\u00ed textil","description":"Ka\u017ed\u00e1 firma chce p\u0159edev\u0161\u00edm vyd\u011blat pen\u00edze. To je jej\u00edm hlavn\u00edm c\u00edlem, a to bez ohledu na to, jak je velk\u00e1 \u010di co tvrd\u00ed ve sv\u00fdch propaga\u010dn\u00edch materi\u00e1lech. K tomu je v\u0161ak pot\u0159eba, aby si udr\u017eela co nejv\u00edce st\u00e1vaj\u00edc\u00edch z\u00e1kazn\u00edk\u016f, a z\u00e1rove\u0148 z\u00edsk\u00e1vala st\u00e1le nov\u00e9. A to nen\u00ed nic snadn\u00e9ho. Je tedy jasn\u00e9, \u017ee spr\u00e1vn\u011b zvolen\u00e1...","datePublished":"2021-02-17","dateModified":"2023-04-29","author":{"@type":"Person","@id":"https:\/\/www.tomina.cz\/author\/#Person","name":"","url":"https:\/\/www.tomina.cz\/author\/","identifier":1,"image":{"@type":"ImageObject","@id":"https:\/\/secure.gravatar.com\/avatar\/4faace62981be50719be6a25151192978e6d585737a520836dcb98934de3bb45?s=96&d=mm&r=g","url":"https:\/\/secure.gravatar.com\/avatar\/4faace62981be50719be6a25151192978e6d585737a520836dcb98934de3bb45?s=96&d=mm&r=g","height":96,"width":96}},"publisher":{"@type":"Organization","name":"tomina.cz","logo":{"@type":"ImageObject","@id":"\/logo.png","url":"\/logo.png","width":600,"height":60}},"image":{"@type":"ImageObject","@id":"https:\/\/www.tomina.cz\/wp-content\/uploads\/mikina2_10.jpg","url":"https:\/\/www.tomina.cz\/wp-content\/uploads\/mikina2_10.jpg","height":0,"width":0},"url":"https:\/\/www.tomina.cz\/kdy-se-k-propagaci-vyuziva-reklamni-textil\/","about":["Produkty"],"wordCount":431,"articleBody":"   Ka\u017ed\u00e1 firma chce p\u0159edev\u0161\u00edm vyd\u011blat pen\u00edze. To je jej\u00edm hlavn\u00edm c\u00edlem, a to bez ohledu na to, jak je velk\u00e1 \u010di co tvrd\u00ed ve sv\u00fdch propaga\u010dn\u00edch materi\u00e1lech. K tomu je v\u0161ak pot\u0159eba, aby si udr\u017eela co nejv\u00edce st\u00e1vaj\u00edc\u00edch z\u00e1kazn\u00edk\u016f, a z\u00e1rove\u0148 z\u00edsk\u00e1vala st\u00e1le nov\u00e9. A to nen\u00ed nic snadn\u00e9ho.Je tedy jasn\u00e9, \u017ee spr\u00e1vn\u011b zvolen\u00e1 marketingov\u00e1 strategie je jedn\u00edm z hlavn\u00edch kl\u00ed\u010d\u016f k \u00fasp\u011bchu. A a\u010dkoliv mezi b\u011b\u017enou ve\u0159ejnost\u00ed je zdaleka nejzn\u00e1m\u011bj\u0161\u00ed klasick\u00e1 reklama, p\u0159edev\u0161\u00edm pak ta televizn\u00ed, rozhodn\u011b to nen\u00ed jedin\u00fd mo\u017en\u00fd zp\u016fsob.Jednou z \u010dasto pou\u017e\u00edvan\u00fdch mo\u017enost\u00ed je i rozd\u00e1v\u00e1n\u00ed nejr\u016fzn\u011bj\u0161\u00edch propaga\u010dn\u00edch p\u0159edm\u011bt\u016f. Obvykle se jedn\u00e1 o u\u017eite\u010dn\u00e9 drobnosti, jako jsou tu\u017eky, propisky \u010di kl\u00ed\u010denky s baterkou, jejich\u017e v\u00fdrobn\u00ed cena je velmi n\u00edzk\u00e1. Av\u0161ak n\u011bkdy se uplatn\u00ed i dra\u017e\u0161\u00ed v\u011bci, jako nap\u0159\u00edklad reklamn\u00ed textil Promotext\u00edlie.Sem se \u0159ad\u00ed mnoho v\u011bc\u00ed, od tri\u010dek, mikin a\u017e po \u010depice \u010di k\u0161iltovky. C\u00edlem je, aby ono oble\u010den\u00ed dan\u00fd \u010dlov\u011bk nosil na ve\u0159ejnosti. T\u00edm p\u00e1dem uvid\u00ed jm\u00e9no a logo firmy i ostatn\u00ed lid\u00e9, a mo\u017en\u00e1 se tam ze zv\u011bdavosti p\u0159ijdou pod\u00edvat.To v\u0161e je dobr\u00e9, av\u0161ak nelze pop\u0159\u00edt, \u017ee v\u00fdrobn\u00ed n\u00e1klady jsou zde pon\u011bkud v\u011bt\u0161\u00ed. I proto se tento typ propaga\u010dn\u00edch p\u0159edm\u011bt\u016f d\u00e1v\u00e1 obvykle pouze p\u0159i zvl\u00e1\u0161tn\u00edch p\u0159\u00edle\u017eitostech. Typick\u00e9 jsou nejr\u016fzn\u011bj\u0161\u00ed akce \u010di festivaly, u obchod\u016f pak otev\u0159en\u00ed nov\u00e9 prodejny \u010di oslavy v\u00fdro\u010d\u00ed vstupu dan\u00e9 firmy na trh.Zde je snahou, aby se v lidech onen kus od\u011bvu asocioval s p\u0159\u00edjemn\u00fdm z\u00e1\u017eitkem z dan\u00e9 akce. Pak je toti\u017e pravd\u011bpodobn\u011bj\u0161\u00ed, \u017ee jej bude dan\u00fd \u010dlov\u011bk nosit, a tedy jej uvid\u00ed i v\u00edce lid\u00ed. Nav\u00edc mu bude neust\u00e1le danou akci p\u0159ipom\u00ednat, tak\u017ee kdy\u017e se objev\u00ed dal\u0161\u00ed, bude v\u00edce pravd\u011bpodobn\u00e9, \u017ee se j\u00ed z\u00fa\u010dastn\u00ed tak\u00e9. V p\u0159\u00edpad\u011b obchodu pak, \u017ee zde bude \u010dast\u011bji nakupovat.Jak je vid\u011bt,je zde za t\u00edm v\u00edce, ne\u017e by se na prvn\u00ed pohled mohlo zd\u00e1t. A toho jsou si v\u011bdomi i obchodn\u00edci. Pr\u00e1v\u011b proto tuto taktiku pou\u017e\u00edvaj\u00ed.                                                                                                                                                                                                                                                                                                                                                                                          3.7\/5 - (10 votes)        "},{"@context":"https:\/\/schema.org\/","@type":"BreadcrumbList","itemListElement":[{"@type":"ListItem","position":1,"name":"Kdy se k propagaci vyu\u017e\u00edv\u00e1 reklamn\u00ed textil","item":"https:\/\/www.tomina.cz\/kdy-se-k-propagaci-vyuziva-reklamni-textil\/#breadcrumbitem"}]}]