[{"@context":"https:\/\/schema.org\/","@type":"Article","@id":"https:\/\/www.tomina.cz\/kdyz-ma-let-zpozdeni\/#Article","mainEntityOfPage":"https:\/\/www.tomina.cz\/kdyz-ma-let-zpozdeni\/","headline":"Kdy\u017e m\u00e1 let zpo\u017ed\u011bn\u00ed","name":"Kdy\u017e m\u00e1 let zpo\u017ed\u011bn\u00ed","description":"V leteck\u00e9 doprav\u011b doch\u00e1z\u00ed ke zpo\u017ed\u011bn\u00edm pom\u011brn\u011b \u010dasto. N\u011bkdy to je jen p\u00e1r minut, nad kter\u00fdmi se d\u00e1 m\u00e1vnout rukou, n\u011bkdy je to doba del\u0161\u00ed a n\u011bkdy se p\u0159ilet\u00ed do c\u00edle s takov\u00fdm zpo\u017ed\u011bn\u00edm, \u017ee by cestuj\u00edc\u00ed nejrad\u011bji vra\u017edili, kdyby se to sm\u011blo. Co\u017e se ale nesm\u00ed. Ov\u0161em jsou situace, kdy aspo\u0148 m\u00e9n\u011b tvrd\u00e9 tresty...","datePublished":"2019-09-17","dateModified":"2023-04-29","author":{"@type":"Person","@id":"https:\/\/www.tomina.cz\/author\/#Person","name":"","url":"https:\/\/www.tomina.cz\/author\/","identifier":1,"image":{"@type":"ImageObject","@id":"https:\/\/secure.gravatar.com\/avatar\/4faace62981be50719be6a25151192978e6d585737a520836dcb98934de3bb45?s=96&d=mm&r=g","url":"https:\/\/secure.gravatar.com\/avatar\/4faace62981be50719be6a25151192978e6d585737a520836dcb98934de3bb45?s=96&d=mm&r=g","height":96,"width":96}},"publisher":{"@type":"Organization","name":"tomina.cz","logo":{"@type":"ImageObject","@id":"\/logo.png","url":"\/logo.png","width":600,"height":60}},"image":{"@type":"ImageObject","@id":"https:\/\/www.tomina.cz\/wp-content\/uploads\/img_a350892_w1715_t1565706658.jpg","url":"https:\/\/www.tomina.cz\/wp-content\/uploads\/img_a350892_w1715_t1565706658.jpg","height":0,"width":0},"url":"https:\/\/www.tomina.cz\/kdyz-ma-let-zpozdeni\/","about":["Pen\u00edze"],"wordCount":423,"articleBody":"  V leteck\u00e9 doprav\u011b doch\u00e1z\u00ed ke zpo\u017ed\u011bn\u00edm pom\u011brn\u011b \u010dasto. N\u011bkdy to je jen p\u00e1r minut, nad kter\u00fdmi se d\u00e1 m\u00e1vnout rukou, n\u011bkdy je to doba del\u0161\u00ed a n\u011bkdy se p\u0159ilet\u00ed do c\u00edle s takov\u00fdm zpo\u017ed\u011bn\u00edm, \u017ee by cestuj\u00edc\u00ed nejrad\u011bji vra\u017edili, kdyby se to sm\u011blo. Co\u017e se ale nesm\u00ed. Ov\u0161em jsou situace, kdy aspo\u0148 m\u00e9n\u011b tvrd\u00e9 tresty padaj\u00ed. M\u00e9n\u011b tvrd\u00e9, ale p\u0159esto hodn\u011b \u201abolestiv\u00e9\u2018. Pokud toti\u017e zavin\u00ed to kter\u00e9 zpo\u017ed\u011bn\u00ed n\u011bkter\u00fd z leteck\u00fdch dopravc\u016f se s\u00eddlem v zem\u00edch Evropsk\u00e9 unie, ve \u0160v\u00fdcarsku, v Norsku \u010di na Islandu a toto dos\u00e1hne v c\u00edlov\u00e9 destinaci alespo\u0148 minim\u00e1ln\u00ed evropskou regulac\u00ed EC 261\/2004 stanoven\u00e9 d\u00e9lky, n\u00e1le\u017e\u00ed cestuj\u00edc\u00edm, kte\u0159\u00ed t\u00edm byli posti\u017eeni, finan\u010dn\u00ed kompenzace. Stejn\u011b jako tato n\u00e1le\u017e\u00ed i pasa\u017e\u00e9r\u016fm jin\u00fdch let\u016f provozovan\u00fdch na tomto \u00fazem\u00ed nebo odsud odl\u00e9taj\u00edc\u00edch. To ale \u2013 jak u\u017e zazn\u011blo \u2013 jenom v p\u0159\u00edpad\u011b, \u017ee je na vin\u011b leteck\u00e1 spole\u010dnost a \u017ee je ono zpo\u017ed\u011bn\u00ed n\u00e1le\u017eit\u011b dlouh\u00e9. A zm\u00edn\u011bn\u00e1 finan\u010dn\u00ed kompenzace pak z\u00e1vis\u00ed rovn\u011b\u017e na tom, o kolik byl let zpo\u017ed\u011bn, plus jak velk\u00e1 vzd\u00e1lenost d\u011bl\u00ed po\u010d\u00e1tek a konec cesty, ji\u017e m\u011bl ten kter\u00fd cestuj\u00edc\u00ed absolvovat. Tak\u017ee si m\u016f\u017ee takov\u00fd cestuj\u00edc\u00ed p\u0159ij\u00edt t\u0159eba i a\u017e na \u0161est set eur. Ov\u0161em je logick\u00e9, \u017ee by leteck\u00e1 spole\u010dnost nejrad\u011bji nic neplatila. A proto se nejednou vymlouv\u00e1 a sv\u00e1d\u00ed ono zpo\u017ed\u011bn\u00ed na \u0161patn\u00e9 po\u010das\u00ed, p\u0159\u00edrodn\u00ed katastrofu, bezpe\u010dnostn\u00ed situaci, st\u00e1vku zam\u011bstnanc\u016f n\u011bkter\u00e9 t\u0159et\u00ed strany nebo omezen\u00ed letov\u00e9ho provozu, co\u017e jsou situace, je\u017e aerolinie nemohou ovlivnit a tud\u00ed\u017e za n\u011b nemus\u00ed ani od\u0161kod\u0148ovat. P\u0159\u00edpadn\u011b zarputile ml\u010d\u00ed a douf\u00e1, \u017ee to \u017eadatel\u00e9 nakonec v beznad\u011bji vzdaj\u00ed. Co\u017e tito n\u011bkdy i d\u011blaj\u00ed. Ov\u0161em nemus\u00ed. Proto\u017ee pr\u00e1vn\u00edci specializovan\u00ed na od\u0161kodn\u011bn\u00ed za zpo\u017ed\u011bn\u00ed letu jsou v\u017edy k dispozici a ochotn\u011b pomohou takov\u00e9 od\u0161kodn\u011bn\u00ed vymoci. T\u0159eba i soudn\u00ed cestou. A to za provizi, je\u017e se vyplat\u00ed ka\u017ed\u00e9mu z t\u011bch, kdo byli po\u0161kozeni zpo\u017ed\u011bn\u00edm letu. Na co\u017e by nem\u011bl nikdo nikdy zapom\u00ednat. Proto\u017ee o pen\u00edze jde a\u017e v prvn\u00ed \u0159ad\u011b.                                                                                                                                                                                                                                                                                                                                                                                         4.4\/5 - (12 votes)        "},{"@context":"https:\/\/schema.org\/","@type":"BreadcrumbList","itemListElement":[{"@type":"ListItem","position":1,"name":"Kdy\u017e m\u00e1 let zpo\u017ed\u011bn\u00ed","item":"https:\/\/www.tomina.cz\/kdyz-ma-let-zpozdeni\/#breadcrumbitem"}]}]