[{"@context":"https:\/\/schema.org\/","@type":"Article","@id":"https:\/\/www.tomina.cz\/krasa-kolem\/#Article","mainEntityOfPage":"https:\/\/www.tomina.cz\/krasa-kolem\/","headline":"Kr\u00e1sa kolem","name":"Kr\u00e1sa kolem","description":"Mysl\u00edm si, \u017ee kdybyste se t\u0159eba zeptali n\u011bjak\u00e9ho mu\u017ee, jak n\u00edm a kr\u00e1su, tak v\u00e1m ihned \u0159ekne, \u017ee kr\u00e1sa je n\u011bco takov\u00e9ho, jako kdy\u017e m\u00e1m mu\u017e n\u011bjak\u00e9 svaly a je vysok\u00fd. A sice nev\u00edm jak vy, ale tohle je tak tro\u0161ku pravda, proto\u017ee pro m\u011b taky kr\u00e1sa spo\u010d\u00edv\u00e1 v tom, pokud n\u011bkdo nen\u00ed \u00fapln\u011b extra...","datePublished":"2023-02-28","dateModified":"2023-04-29","author":{"@type":"Person","@id":"https:\/\/www.tomina.cz\/author\/#Person","name":"","url":"https:\/\/www.tomina.cz\/author\/","identifier":1,"image":{"@type":"ImageObject","@id":"https:\/\/secure.gravatar.com\/avatar\/4faace62981be50719be6a25151192978e6d585737a520836dcb98934de3bb45?s=96&d=mm&r=g","url":"https:\/\/secure.gravatar.com\/avatar\/4faace62981be50719be6a25151192978e6d585737a520836dcb98934de3bb45?s=96&d=mm&r=g","height":96,"width":96}},"publisher":{"@type":"Organization","name":"tomina.cz","logo":{"@type":"ImageObject","@id":"\/logo.png","url":"\/logo.png","width":600,"height":60}},"image":{"@type":"ImageObject","@id":"https:\/\/www.tomina.cz\/wp-content\/uploads\/woman-3136667_960_720_3.jpg","url":"https:\/\/www.tomina.cz\/wp-content\/uploads\/woman-3136667_960_720_3.jpg","height":0,"width":0},"url":"https:\/\/www.tomina.cz\/krasa-kolem\/","about":["Kr\u00e1sa"],"wordCount":446,"articleBody":"Mysl\u00edm si, \u017ee kdybyste se t\u0159eba zeptali n\u011bjak\u00e9ho mu\u017ee, jak n\u00edm a kr\u00e1su, tak v\u00e1m ihned \u0159ekne, \u017ee kr\u00e1sa je n\u011bco takov\u00e9ho, jako kdy\u017e m\u00e1m mu\u017e n\u011bjak\u00e9 svaly a je vysok\u00fd. A sice nev\u00edm jak vy, ale tohle je tak tro\u0161ku pravda, proto\u017ee pro m\u011b taky kr\u00e1sa spo\u010d\u00edv\u00e1 v tom, pokud n\u011bkdo nen\u00ed \u00fapln\u011b extra ob\u00e9zn\u00ed. Samoz\u0159ejm\u011b, \u017ee mi nevad\u00ed ani nadv\u00e1ha, proto\u017ee jsem ji taky kdysi m\u011bla. A podle m\u00e9ho n\u00e1zoru je m\u00edrn\u00e1 nadv\u00e1ha u\u017e zcela asi norm\u00e1ln\u00ed. Dne\u0161n\u00ed sv\u011bt tomu tak je tak p\u0159eje, proto\u017ee jsou v\u0161ude r\u016fzn\u00e9\u00a0fastfood\u00a0a takov\u00e9 v\u011bci, po kter\u00fdch \u010dlov\u011bk velice rychle p\u0159ebere, tak\u017ee nen\u00ed kr\u00e1sa jako kr\u00e1sa. A j\u00e1 jsem t\u00edm byla v\u017edycky velice p\u0159ekvapen\u00e1. Tak\u017ee kdy\u017e mi t\u0159eba n\u011bkdo \u0159ekl, \u017ee kr\u00e1sa je pom\u00edjiv\u00e1, tak je sice pravda, ale v\u0161echno m\u00e1 sv\u00e9 plus a m\u00ednus. A v posledn\u00ed dob\u011b m\u011b taky velice zaj\u00edm\u00e1 a\u00a0rozla\u010fuje, \u017ee kr\u00e1sa je vn\u00edm\u00e1na u\u017e \u00fapln\u011b jinak. Proto\u017ee v\u0161ude na internetu u\u017e vid\u00edm ob\u00e9zn\u00ed \u017eeny, kter\u00e9 p\u0159edv\u00e1d\u00ed oble\u010den\u00ed. To je sice kr\u00e1sn\u00e9, ale tohle je jako oslava\u00a0ob\u00e9znosti? V\u017edy\u0165 l\u00e9ka\u0159i \u0159\u00edkaj\u00ed \u017ee obezita nen\u00ed zdrav\u00e1, stejn\u011b tak jako anorexie. Tak nech\u00e1pu, kdy\u017e vid\u00ed n\u011bkdo n\u011bkde na internetu \u017eenu, kter\u00e1 m\u00e1 anorexii, tak ji v\u0161ichni nad\u00e1vaj\u00ed, ale kdy\u017e n\u011bkde na internetu vid\u00edm ob\u00e9zn\u00ed \u017eenu, tak ji v\u0161ichni chv\u00e1l\u00ed. Tak jak\u00fd je v tom je rozd\u00edl? Podle m\u00e9ho n\u00e1zoru je tlou\u0161\u0165ka a taky anorexie \u0161patn\u00e1. A nem\u011bla by se propagovat na internetu. Podle m\u00e9ho n\u00e1zoru by se na internetu m\u011bli propagovat jenom takov\u00e1 t\u011bla, kter\u00e1 jsou zdrav\u00e1 a kter\u00e1 vedou ke zdrav\u00e9mu \u017eivotn\u00edmu stylu. Proto\u017ee pochybuji \u017ee by v\u00e1m n\u011bjak\u00fd dietolog \u0159ekl, \u017ee obezita je skv\u011bl\u00e1 a \u017ee by se m\u011bla oslavovat a zobrazovat taky na internetu. Tak\u017ee tady nejde jednozna\u010dn\u011b \u0159\u00edct, co je kr\u00e1sn\u00e9 a co nen\u00ed. Samoz\u0159ejm\u011b, \u017ee kr\u00e1sa nen\u00ed\u00a0jen\u00a0o\u00a0lidech, ale taky t\u0159eba o kv\u011btin\u00e1ch nebo i o hudb\u011b, kterou m\u00e1 n\u011bkdo r\u00e1da. Je to\u00a0akty\u00a0o filmech nebo va\u0161em obl\u00edben\u00edm j\u00eddlu. A jak\u00a0vn\u00edm\u00e1te\u00a0kr\u00e1su vy, co je pro v\u00e1s d\u016fle\u017eit\u00e9?\u00a0                                                                                                                                                                                                                                                                                                                                                                                        3.3\/5 - (7 votes)        "},{"@context":"https:\/\/schema.org\/","@type":"BreadcrumbList","itemListElement":[{"@type":"ListItem","position":1,"name":"Kr\u00e1sa kolem","item":"https:\/\/www.tomina.cz\/krasa-kolem\/#breadcrumbitem"}]}]