{"@context":"https:\/\/schema.org\/","@type":"CollectionPage","@id":"https:\/\/www.tomina.cz\/krasa\/#CollectionPage","headline":"Kr\u00e1sa Category","description":"","url":"https:\/\/www.tomina.cz\/krasa\/","hasPart":[{"@type":"Article","@id":"https:\/\/www.tomina.cz\/krasa-kolem\/","headline":"Kr\u00e1sa kolem","url":"https:\/\/www.tomina.cz\/krasa-kolem\/","datePublished":"2023-02-28","dateModified":"2023-04-29","mainEntityOfPage":"https:\/\/www.tomina.cz\/krasa-kolem\/","author":{"@type":"Person","@id":"https:\/\/www.tomina.cz\/author\/#Person","name":"","url":"https:\/\/www.tomina.cz\/author\/","identifier":1,"image":{"@type":"ImageObject","@id":"https:\/\/secure.gravatar.com\/avatar\/4faace62981be50719be6a25151192978e6d585737a520836dcb98934de3bb45?s=96&d=mm&r=g","url":"https:\/\/secure.gravatar.com\/avatar\/4faace62981be50719be6a25151192978e6d585737a520836dcb98934de3bb45?s=96&d=mm&r=g","height":96,"width":96}},"publisher":{"@type":"Organization","name":"tomina.cz","logo":{"@type":"ImageObject","@id":"\/logo.png","url":"\/logo.png","width":600,"height":60}},"image":{"@type":"ImageObject","@id":"https:\/\/www.tomina.cz\/wp-content\/uploads\/woman-3136667_960_720_3.jpg","url":"https:\/\/www.tomina.cz\/wp-content\/uploads\/woman-3136667_960_720_3.jpg","height":0,"width":0},"keywords":null},{"@type":"Article","@id":"https:\/\/www.tomina.cz\/cistici-sampony-vyberte-si-ten-svuj\/","headline":"\u010cist\u00edc\u00ed \u0161ampony \u2013 vyberte si ten sv\u016fj","url":"https:\/\/www.tomina.cz\/cistici-sampony-vyberte-si-ten-svuj\/","datePublished":"2020-02-19","dateModified":"2023-04-29","mainEntityOfPage":"https:\/\/www.tomina.cz\/cistici-sampony-vyberte-si-ten-svuj\/","author":{"@type":"Person","@id":"https:\/\/www.tomina.cz\/author\/#Person","name":"","url":"https:\/\/www.tomina.cz\/author\/","identifier":1,"image":{"@type":"ImageObject","@id":"https:\/\/secure.gravatar.com\/avatar\/4faace62981be50719be6a25151192978e6d585737a520836dcb98934de3bb45?s=96&d=mm&r=g","url":"https:\/\/secure.gravatar.com\/avatar\/4faace62981be50719be6a25151192978e6d585737a520836dcb98934de3bb45?s=96&d=mm&r=g","height":96,"width":96}},"publisher":{"@type":"Organization","name":"tomina.cz","logo":{"@type":"ImageObject","@id":"\/logo.png","url":"\/logo.png","width":600,"height":60}},"image":{"@type":"ImageObject","@id":"https:\/\/www.tomina.cz\/wp-content\/uploads\/img_a370234_w2969_t1582018495.jpg","url":"https:\/\/www.tomina.cz\/wp-content\/uploads\/img_a370234_w2969_t1582018495.jpg","height":0,"width":0},"keywords":null},{"@type":"Article","@id":"https:\/\/www.tomina.cz\/nez-si-slapneme-do-pedalu\/","headline":"Ne\u017e si \u0161l\u00e1pneme do ped\u00e1l\u016f","url":"https:\/\/www.tomina.cz\/nez-si-slapneme-do-pedalu\/","datePublished":"2019-09-11","dateModified":"2023-04-29","mainEntityOfPage":"https:\/\/www.tomina.cz\/nez-si-slapneme-do-pedalu\/","author":{"@type":"Person","@id":"https:\/\/www.tomina.cz\/author\/#Person","name":"","url":"https:\/\/www.tomina.cz\/author\/","identifier":1,"image":{"@type":"ImageObject","@id":"https:\/\/secure.gravatar.com\/avatar\/4faace62981be50719be6a25151192978e6d585737a520836dcb98934de3bb45?s=96&d=mm&r=g","url":"https:\/\/secure.gravatar.com\/avatar\/4faace62981be50719be6a25151192978e6d585737a520836dcb98934de3bb45?s=96&d=mm&r=g","height":96,"width":96}},"publisher":{"@type":"Organization","name":"tomina.cz","logo":{"@type":"ImageObject","@id":"\/logo.png","url":"\/logo.png","width":600,"height":60}},"image":{"@type":"ImageObject","@id":"https:\/\/www.tomina.cz\/wp-content\/uploads\/img_a341985_w2600_t1554894503.jpg","url":"https:\/\/www.tomina.cz\/wp-content\/uploads\/img_a341985_w2600_t1554894503.jpg","height":0,"width":0},"keywords":null}]}