[{"@context":"https:\/\/schema.org\/","@type":"Article","@id":"https:\/\/www.tomina.cz\/nez-si-slapneme-do-pedalu\/#Article","mainEntityOfPage":"https:\/\/www.tomina.cz\/nez-si-slapneme-do-pedalu\/","headline":"Ne\u017e si \u0161l\u00e1pneme do ped\u00e1l\u016f","name":"Ne\u017e si \u0161l\u00e1pneme do ped\u00e1l\u016f","description":"Rozhodn\u011b je t\u0159eba m\u00edt k tomu vhodn\u00fd dopravn\u00ed prost\u0159edek, to je celkem logick\u00e9. Jenom\u017ee v dne\u0161n\u00ed dob\u011b je tak neskute\u010dn\u011b velk\u00fd v\u00fdb\u011br, \u017ee to stoj\u00ed za po\u0159\u00e1dnou \u00favahu. V prvn\u00ed \u0159ad\u011b je t\u0159eba si uv\u011bdomit, kde se na n\u011bm budeme nej\u010dast\u011bji pohybovat, aby n\u00e1m p\u011bkn\u011b pasovalo do ter\u00e9nu. Nap\u0159\u00edklad na p\u0159ev\u00e1\u017en\u011b nezpevn\u011bn\u00fdch ploch\u00e1ch nebo neupraven\u00fdch...","datePublished":"2019-09-11","dateModified":"2023-04-29","author":{"@type":"Person","@id":"https:\/\/www.tomina.cz\/author\/#Person","name":"","url":"https:\/\/www.tomina.cz\/author\/","identifier":1,"image":{"@type":"ImageObject","@id":"https:\/\/secure.gravatar.com\/avatar\/4faace62981be50719be6a25151192978e6d585737a520836dcb98934de3bb45?s=96&d=mm&r=g","url":"https:\/\/secure.gravatar.com\/avatar\/4faace62981be50719be6a25151192978e6d585737a520836dcb98934de3bb45?s=96&d=mm&r=g","height":96,"width":96}},"publisher":{"@type":"Organization","name":"tomina.cz","logo":{"@type":"ImageObject","@id":"\/logo.png","url":"\/logo.png","width":600,"height":60}},"image":{"@type":"ImageObject","@id":"https:\/\/www.tomina.cz\/wp-content\/uploads\/img_a341985_w2600_t1554894503.jpg","url":"https:\/\/www.tomina.cz\/wp-content\/uploads\/img_a341985_w2600_t1554894503.jpg","height":0,"width":0},"url":"https:\/\/www.tomina.cz\/nez-si-slapneme-do-pedalu\/","about":["Kr\u00e1sa"],"wordCount":504,"articleBody":"         Rozhodn\u011b je t\u0159eba m\u00edt k tomu vhodn\u00fd dopravn\u00ed prost\u0159edek, to je celkem logick\u00e9. Jenom\u017ee v dne\u0161n\u00ed dob\u011b je tak neskute\u010dn\u011b velk\u00fd v\u00fdb\u011br, \u017ee to stoj\u00ed za po\u0159\u00e1dnou \u00favahu. V prvn\u00ed \u0159ad\u011b je t\u0159eba si uv\u011bdomit, kde se na n\u011bm budeme nej\u010dast\u011bji pohybovat, aby n\u00e1m p\u011bkn\u011b pasovalo do ter\u00e9nu. Nap\u0159\u00edklad na p\u0159ev\u00e1\u017en\u011b nezpevn\u011bn\u00fdch ploch\u00e1ch nebo neupraven\u00fdch cest\u00e1ch bude lep\u0161\u00ed zvolit horsk\u00e1 kola neboli MTB. Trekingov\u00e1 a krosov\u00e1 kola jsou sp\u00ed\u0161e ur\u010dena na leh\u010d\u00ed ter\u00e9n, silni\u010dn\u00ed provoz nebo zkr\u00e1tka na r\u016fzn\u00e9 cyklostezky. Vybrat si m\u016f\u017eeme i v sekci elektrokol. Kdy\u017e m\u00e1me kolo, tak nesm\u00ed chyb\u011bt z\u00e1kladn\u00ed a z\u00e1sadn\u00ed v\u011bc, jako jsou ochrann\u00e9 prvky, p\u0159edev\u0161\u00edm helma. Bez t\u00e9 bychom v\u016fbec nem\u011bli vyj\u00ed\u017ed\u011bt a to ani na kr\u00e1tkou vzd\u00e1lenost.  Jak vybrat dal\u0161\u00ed cyklistickou v\u00fdbavu? P\u0159edev\u0161\u00edm se jedn\u00e1 o oble\u010den\u00ed, kter\u00e9 je speci\u00e1ln\u011b ur\u010den\u00e9 na kolo a spl\u0148uje tak n\u00e1roky klasick\u00e9ho funk\u010dn\u00edho sportovn\u00edho oble\u010den\u00ed. To znamen\u00e1, \u017ee je prody\u0161n\u00e9 a odv\u00e1d\u00ed pot od poko\u017eky. Aby n\u00e1s nezasko\u010dilo \u0161patn\u00e9 po\u010das\u00ed cestou, tak n\u011bkter\u00e9 z nich si porad\u00ed z\u00e1rove\u0148 s nep\u0159\u00edzniv\u00fdmi nebo chladn\u011bj\u0161\u00edmi podm\u00ednkami. Takov\u00e9 funk\u010dn\u00ed pr\u00e1dlo b\u00fdv\u00e1 nepromokav\u00e9 a \u010dastokr\u00e1t i zateplen\u00e9. P\u0159i volb\u011b zna\u010dkov\u00e9ho funk\u010dn\u00edho pr\u00e1dla neud\u011bl\u00e1me chybu p\u0159i v\u00fdb\u011bru zna\u010dky silvini, kter\u00e1 m\u00e1 skute\u010dn\u011b bohat\u00fd v\u00fdb\u011br.  Cyklistick\u00e9 bundy, vesty nebo i pl\u00e1\u0161t\u011bnky spl\u0148uj\u00ed dokonce po\u017eadavek, \u017ee jsou velmi dob\u0159e skladn\u00e9, a kdy\u017e se sroluj\u00ed, tak se dokonce v pohod\u011b vejdou do zadn\u00ed kapsy dresu, kde v\u016fbec nep\u0159ek\u00e1\u017e\u00ed a v \u010dase pot\u0159eby je \u010dlov\u011bk r\u00e1d vyt\u00e1hne. Dresy, vesty a bundy jsou specifick\u00e9 sv\u00fdm prodlou\u017een\u00fdm st\u0159ihem v z\u00e1dov\u00e9 \u010d\u00e1sti. To je na druhou stranu v\u00fdhodn\u00e9 pro ohnutou pozici p\u0159i j\u00edzd\u011b, \u017ee pr\u00e1v\u011b z\u00e1da nez\u016fst\u00e1vaj\u00ed odkryt\u00e1. Kalhoty se nab\u00edz\u00ed v mnoha proveden\u00ed, kdy mohou b\u00fdt kr\u00e1tk\u00e9, dlouh\u00e9 nebo jen t\u0159\u00ed\u010dtvrte\u010dn\u00ed. Nicm\u00e9n\u011b jsou vybaveny speci\u00e1ln\u011b anatomicky tvarovanou a polstrovanou vlo\u017ekou. Ta se rozhodn\u011b vyplat\u00ed, jeliko\u017e zm\u00edr\u0148uje dopady dlouh\u00e9ho sezen\u00ed v sedle na t\u011bchto velmi citliv\u00fdch parti\u00ed. Vesm\u011bs je dobr\u00e9 si rovnou vybrat funk\u010dn\u00ed pr\u00e1dlo s v\u00fdstra\u017en\u00fdmi reflexn\u00edmi prvky, co\u017e je naprosto skv\u011bl\u00e1 v\u011bc pro provoz na komunikaci. \u0158idi\u010di motorov\u00fdch vozidel tak cyklisty zaregistruj\u00ed prakticky ihned. D\u016fle\u017eitou podm\u00ednkou, aby funk\u010dn\u00ed pr\u00e1dlo fungovalo spr\u00e1vn\u011b, je, \u017ee mus\u00ed bezpodm\u00edne\u010dn\u011b p\u0159ilehnout na hol\u00e9 t\u011blo, tud\u00ed\u017e pak spln\u00ed ve\u0161ker\u00e9 podm\u00ednky jeho funk\u010dnosti ke spokojenosti cyklisty.                                                                                                                                                                                                                                                                                                                                                                                           3.8\/5 - (6 votes)        "},{"@context":"https:\/\/schema.org\/","@type":"BreadcrumbList","itemListElement":[{"@type":"ListItem","position":1,"name":"Ne\u017e si \u0161l\u00e1pneme do ped\u00e1l\u016f","item":"https:\/\/www.tomina.cz\/nez-si-slapneme-do-pedalu\/#breadcrumbitem"}]}]