[{"@context":"https:\/\/schema.org\/","@type":"Article","@id":"https:\/\/www.tomina.cz\/oblibene-drevene-palety\/#Article","mainEntityOfPage":"https:\/\/www.tomina.cz\/oblibene-drevene-palety\/","headline":"Obl\u00edben\u00e9 d\u0159ev\u011bn\u00e9 palety","name":"Obl\u00edben\u00e9 d\u0159ev\u011bn\u00e9 palety","description":"Co o nich v\u00edme? Jist\u011b si ka\u017ed\u00fd na n\u011bjakou vzpomene, kdy\u017e se \u0159ekne paleta. Zn\u00e1te tyto d\u0159ev\u011bn\u00e9 a nesm\u00edrn\u011b d\u016fle\u017eit\u00e9 produkty? Vyr\u00e1b\u00ed se v\u011bt\u0161inou ze d\u0159eva. D\u016fle\u017eit\u00e9 jsou zejm\u00e9na pro p\u0159epravu, z\u00e1sobov\u00e1n\u00ed, pro p\u0159evozy, ale tak\u00e9 nap\u0159\u00edklad v dne\u0161n\u00ed dob\u011b i pro v\u00fdrobu n\u00e1bytku. Je pot\u0159eba, aby se v\u00fdroba prov\u00e1d\u011bla ru\u010dn\u011b. Jedin\u011b tak se doc\u00edl\u00ed...","datePublished":"2019-09-14","dateModified":"2024-02-13","author":{"@type":"Person","@id":"https:\/\/www.tomina.cz\/author\/#Person","name":"","url":"https:\/\/www.tomina.cz\/author\/","identifier":1,"image":{"@type":"ImageObject","@id":"https:\/\/secure.gravatar.com\/avatar\/4faace62981be50719be6a25151192978e6d585737a520836dcb98934de3bb45?s=96&d=mm&r=g","url":"https:\/\/secure.gravatar.com\/avatar\/4faace62981be50719be6a25151192978e6d585737a520836dcb98934de3bb45?s=96&d=mm&r=g","height":96,"width":96}},"publisher":{"@type":"Organization","name":"tomina.cz","logo":{"@type":"ImageObject","@id":"\/logo.png","url":"\/logo.png","width":600,"height":60}},"image":{"@type":"ImageObject","@id":"https:\/\/www.tomina.cz\/wp-content\/uploads\/img_a348108_w1690_t1562586138.jpg","url":"https:\/\/www.tomina.cz\/wp-content\/uploads\/img_a348108_w1690_t1562586138.jpg","height":0,"width":0},"url":"https:\/\/www.tomina.cz\/oblibene-drevene-palety\/","about":["Produkty"],"wordCount":460,"articleBody":"       Co o nich v\u00edme? Jist\u011b si ka\u017ed\u00fd na n\u011bjakou vzpomene, kdy\u017e se \u0159ekne paleta. Zn\u00e1te tyto d\u0159ev\u011bn\u00e9 a nesm\u00edrn\u011b d\u016fle\u017eit\u00e9 produkty? Vyr\u00e1b\u00ed se v\u011bt\u0161inou ze d\u0159eva. D\u016fle\u017eit\u00e9 jsou zejm\u00e9na pro p\u0159epravu, z\u00e1sobov\u00e1n\u00ed, pro p\u0159evozy, ale tak\u00e9 nap\u0159\u00edklad v dne\u0161n\u00ed dob\u011b i pro v\u00fdrobu n\u00e1bytku. Je pot\u0159eba, aby se v\u00fdroba prov\u00e1d\u011bla ru\u010dn\u011b. Jedin\u011b tak se doc\u00edl\u00ed stoprocentn\u00edho a kvalitn\u00edho v\u00fdsledku. Na\u0161e spole\u010dnost vyr\u00e1b\u00ed tyto produkty v ru\u010dn\u00edm provozu a na poloautomatick\u00e9 v\u00fdrobn\u00ed lince. Zpracov\u00e1v\u00e1me kulatinu a \u0159\u00edd\u00edme se standardn\u00edmi postupy. V\u0161e podl\u00e9h\u00e1 norm\u00e1m a na\u0159\u00edzen\u00edm z Evropsk\u00e9 Unie. Mezin\u00e1rodn\u00ed typy jsou vyr\u00e1b\u011bn\u00e9 podle normy UIC 435-2, jsou tepeln\u011b o\u0161et\u0159en\u00e9 podle standardu ISPM 15.  Vyr\u00e1b\u00ed se standardn\u00ed rozm\u011bry 120 x 80 cm. Tyto produkty b\u00fdvaj\u00ed bez ozna\u010den\u00ed. D\u00e1le si z\u00e1kazn\u00edk m\u016f\u017ee po\u017e\u00e1dat o jak\u00fdkoliv atypick\u00fd rozm\u011br. \u010casto to b\u00fdv\u00e1 dle konkr\u00e9tn\u00edch pot\u0159eba z\u00e1kazn\u00edka, proto se dok\u00e1\u017eeme p\u0159izp\u016fsobit a vyr\u00e1b\u00edme i nestandardn\u00ed rozm\u011bry. Samoz\u0159ejm\u011b se ve\u0161ker\u00e9 produkty tepeln\u011b o\u0161et\u0159uj\u00ed dle norem EU a to i ty atypick\u00e9.   \u0160irok\u00e1 nab\u00eddka produkt\u016f Pokr\u00fdv\u00e1me ve\u0161kerou popt\u00e1vku po t\u011bchto produktech, tak\u017ee se zam\u011b\u0159ujeme na opravdu \u0161irokou \u0161k\u00e1lu. Jednat se m\u016f\u017ee o p\u0159epravn\u00ed palety, kter\u00e9 jist\u011b v\u0161ichni moc dob\u0159e zn\u00e1te. B\u00fdvaj\u00ed vid\u011bny nej\u010dast\u011bji mezi r\u016fzn\u00fdmi n\u00e1klady. Dal\u0161\u00ed jsou euro palety, tak\u00e9 klasick\u00e9 produkty. Standardn\u00ed palety se vyr\u00e1b\u00ed b\u011b\u017en\u011b, ale m\u016f\u017eeme zajistit i atypick\u00e9 produkty. K dispozici jsou tak\u00e9 ohr\u00e1dky, gitterboxy, tepeln\u00e9 o\u0161et\u0159en\u00ed. Dopravujeme produkty a\u017e k z\u00e1kazn\u00edkovi. Mo\u017en\u00e1 je tak\u00e9 oprava v\u00fdrobk\u016f. Zajist\u00edme profesion\u00e1ln\u00ed, spolehlivou a rychlou opravu. Vykupujeme star\u0161\u00ed produkty nebo nepot\u0159ebn\u00e9 produkty od z\u00e1kazn\u00edk\u016f. Zpracov\u00e1v\u00e1me i d\u0159evo.   Palety paletymorava.cz maj\u00ed r\u016fzn\u00e9 zp\u016fsoby vyu\u017eit\u00ed. Nej\u010dast\u011bji se jedn\u00e1 o p\u0159evozy n\u00e1klad\u016f. D\u00edky t\u011bmto produkt\u016fm vyu\u017eijete ve\u0161ker\u00e9 m\u00edsto. P\u0159eprava bude bezpe\u010dn\u00e1 a spolehliv\u00e1. P\u0159evoz zbo\u017e\u00ed se stane jednodu\u0161\u0161\u00ed a dostupn\u011bj\u0161\u00ed. Nav\u00edc s euro typy tak\u00e9 efektivn\u011bj\u0161\u00ed. Nab\u00edz\u00ed se produkty \u00fapln\u011b nov\u00e9 nebo tak\u00e9 pou\u017eit\u00e9, tak\u017ee si z\u00e1kazn\u00edk m\u016f\u017ee podle sv\u00fdch pot\u0159eb vybrat to, co konkr\u00e9tn\u011b pot\u0159ebuje. Nemus\u00edte kupovat nov\u00fd produkt, kdy\u017e by v\u00e1m sta\u010dil star\u0161\u00ed a pou\u017eit\u00fd.                                                                                                                                                                                                                                                                                                                                                                                          4.1\/5 - (9 votes)        "},{"@context":"https:\/\/schema.org\/","@type":"BreadcrumbList","itemListElement":[{"@type":"ListItem","position":1,"name":"Obl\u00edben\u00e9 d\u0159ev\u011bn\u00e9 palety","item":"https:\/\/www.tomina.cz\/oblibene-drevene-palety\/#breadcrumbitem"}]}]