[{"@context":"https:\/\/schema.org\/","@type":"Blog","@id":"https:\/\/www.tomina.cz#Blog","headline":"Tomina","description":"\nInformace z na\u0161\u00ed internetov\u00e9 str\u00e1nky, kter\u00e9 jsme pro v\u00e1s p\u0159ipravili, v\u00e1s v \u017e\u00e1dn\u00e9m p\u0159\u00edpad\u011b nep\u0159ijdou draho. A logicky na n\u011b tedy ani nikdo z v\u00e1s nedoplat\u00ed.","url":"https:\/\/www.tomina.cz","hasPart":[{"@type":"Article","@id":"https:\/\/www.tomina.cz\/takova-je-realita\/","headline":"Takov\u00e1 je realita","url":"https:\/\/www.tomina.cz\/takova-je-realita\/","datePublished":"2019-10-09","dateModified":"2023-04-29","mainEntityOfPage":"https:\/\/www.tomina.cz\/takova-je-realita\/","author":{"@type":"Person","@id":"https:\/\/www.tomina.cz\/author\/#Person","name":"","url":"https:\/\/www.tomina.cz\/author\/","identifier":1,"image":{"@type":"ImageObject","@id":"https:\/\/secure.gravatar.com\/avatar\/4faace62981be50719be6a25151192978e6d585737a520836dcb98934de3bb45?s=96&d=mm&r=g","url":"https:\/\/secure.gravatar.com\/avatar\/4faace62981be50719be6a25151192978e6d585737a520836dcb98934de3bb45?s=96&d=mm&r=g","height":96,"width":96}},"publisher":{"@type":"Organization","name":"tomina.cz","logo":{"@type":"ImageObject","@id":"\/logo.png","url":"\/logo.png","width":600,"height":60}},"image":{"@type":"ImageObject","@id":"https:\/\/www.tomina.cz\/wp-content\/uploads\/img_a356243_w3063_t1570903882.jpg","url":"https:\/\/www.tomina.cz\/wp-content\/uploads\/img_a356243_w3063_t1570903882.jpg","height":0,"width":0},"wordCount":475,"keywords":null},{"@type":"Article","@id":"https:\/\/www.tomina.cz\/stridava-pece\/","headline":"St\u0159\u00eddav\u00e1 p\u00e9\u010de","url":"https:\/\/www.tomina.cz\/stridava-pece\/","datePublished":"2019-10-04","dateModified":"2023-04-29","mainEntityOfPage":"https:\/\/www.tomina.cz\/stridava-pece\/","author":{"@type":"Person","@id":"https:\/\/www.tomina.cz\/author\/#Person","name":"","url":"https:\/\/www.tomina.cz\/author\/","identifier":1,"image":{"@type":"ImageObject","@id":"https:\/\/secure.gravatar.com\/avatar\/4faace62981be50719be6a25151192978e6d585737a520836dcb98934de3bb45?s=96&d=mm&r=g","url":"https:\/\/secure.gravatar.com\/avatar\/4faace62981be50719be6a25151192978e6d585737a520836dcb98934de3bb45?s=96&d=mm&r=g","height":96,"width":96}},"publisher":{"@type":"Organization","name":"tomina.cz","logo":{"@type":"ImageObject","@id":"\/logo.png","url":"\/logo.png","width":600,"height":60}},"image":{"@type":"ImageObject","@id":"https:\/\/www.tomina.cz\/wp-content\/uploads\/img_a356450_w2969_t1570973719.jpg","url":"https:\/\/www.tomina.cz\/wp-content\/uploads\/img_a356450_w2969_t1570973719.jpg","height":0,"width":0},"wordCount":499,"keywords":null},{"@type":"Article","@id":"https:\/\/www.tomina.cz\/kdyz-ma-let-zpozdeni\/","headline":"Kdy\u017e m\u00e1 let zpo\u017ed\u011bn\u00ed","url":"https:\/\/www.tomina.cz\/kdyz-ma-let-zpozdeni\/","datePublished":"2019-09-17","dateModified":"2023-04-29","mainEntityOfPage":"https:\/\/www.tomina.cz\/kdyz-ma-let-zpozdeni\/","author":{"@type":"Person","@id":"https:\/\/www.tomina.cz\/author\/#Person","name":"","url":"https:\/\/www.tomina.cz\/author\/","identifier":1,"image":{"@type":"ImageObject","@id":"https:\/\/secure.gravatar.com\/avatar\/4faace62981be50719be6a25151192978e6d585737a520836dcb98934de3bb45?s=96&d=mm&r=g","url":"https:\/\/secure.gravatar.com\/avatar\/4faace62981be50719be6a25151192978e6d585737a520836dcb98934de3bb45?s=96&d=mm&r=g","height":96,"width":96}},"publisher":{"@type":"Organization","name":"tomina.cz","logo":{"@type":"ImageObject","@id":"\/logo.png","url":"\/logo.png","width":600,"height":60}},"image":{"@type":"ImageObject","@id":"https:\/\/www.tomina.cz\/wp-content\/uploads\/img_a350892_w1715_t1565706658.jpg","url":"https:\/\/www.tomina.cz\/wp-content\/uploads\/img_a350892_w1715_t1565706658.jpg","height":0,"width":0},"wordCount":521,"keywords":null},{"@type":"Article","@id":"https:\/\/www.tomina.cz\/jako-z-rise-snu\/","headline":"Jako z \u0159\u00ed\u0161e sn\u016f","url":"https:\/\/www.tomina.cz\/jako-z-rise-snu\/","datePublished":"2019-09-15","dateModified":"2023-06-26","mainEntityOfPage":"https:\/\/www.tomina.cz\/jako-z-rise-snu\/","author":{"@type":"Person","@id":"https:\/\/www.tomina.cz\/author\/#Person","name":"","url":"https:\/\/www.tomina.cz\/author\/","identifier":1,"image":{"@type":"ImageObject","@id":"https:\/\/secure.gravatar.com\/avatar\/4faace62981be50719be6a25151192978e6d585737a520836dcb98934de3bb45?s=96&d=mm&r=g","url":"https:\/\/secure.gravatar.com\/avatar\/4faace62981be50719be6a25151192978e6d585737a520836dcb98934de3bb45?s=96&d=mm&r=g","height":96,"width":96}},"publisher":{"@type":"Organization","name":"tomina.cz","logo":{"@type":"ImageObject","@id":"\/logo.png","url":"\/logo.png","width":600,"height":60}},"image":{"@type":"ImageObject","@id":"https:\/\/www.tomina.cz\/wp-content\/uploads\/img_a342185_w1720_t1555067489.jpg","url":"https:\/\/www.tomina.cz\/wp-content\/uploads\/img_a342185_w1720_t1555067489.jpg","height":0,"width":0},"wordCount":618,"keywords":null},{"@type":"Article","@id":"https:\/\/www.tomina.cz\/mate-problem-ziskat-pujcku\/","headline":"M\u00e1te probl\u00e9m z\u00edskat p\u016fj\u010dku?","url":"https:\/\/www.tomina.cz\/mate-problem-ziskat-pujcku\/","datePublished":"2019-09-15","dateModified":"2023-04-29","mainEntityOfPage":"https:\/\/www.tomina.cz\/mate-problem-ziskat-pujcku\/","author":{"@type":"Person","@id":"https:\/\/www.tomina.cz\/author\/#Person","name":"","url":"https:\/\/www.tomina.cz\/author\/","identifier":1,"image":{"@type":"ImageObject","@id":"https:\/\/secure.gravatar.com\/avatar\/4faace62981be50719be6a25151192978e6d585737a520836dcb98934de3bb45?s=96&d=mm&r=g","url":"https:\/\/secure.gravatar.com\/avatar\/4faace62981be50719be6a25151192978e6d585737a520836dcb98934de3bb45?s=96&d=mm&r=g","height":96,"width":96}},"publisher":{"@type":"Organization","name":"tomina.cz","logo":{"@type":"ImageObject","@id":"\/logo.png","url":"\/logo.png","width":600,"height":60}},"image":{"@type":"ImageObject","@id":"https:\/\/www.tomina.cz\/wp-content\/uploads\/img_a352078_w1722_t1566556380.jpg","url":"https:\/\/www.tomina.cz\/wp-content\/uploads\/img_a352078_w1722_t1566556380.jpg","height":0,"width":0},"wordCount":601,"keywords":null},{"@type":"Article","@id":"https:\/\/www.tomina.cz\/oblibene-drevene-palety\/","headline":"Obl\u00edben\u00e9 d\u0159ev\u011bn\u00e9 palety","url":"https:\/\/www.tomina.cz\/oblibene-drevene-palety\/","datePublished":"2019-09-14","dateModified":"2024-02-13","mainEntityOfPage":"https:\/\/www.tomina.cz\/oblibene-drevene-palety\/","author":{"@type":"Person","@id":"https:\/\/www.tomina.cz\/author\/#Person","name":"","url":"https:\/\/www.tomina.cz\/author\/","identifier":1,"image":{"@type":"ImageObject","@id":"https:\/\/secure.gravatar.com\/avatar\/4faace62981be50719be6a25151192978e6d585737a520836dcb98934de3bb45?s=96&d=mm&r=g","url":"https:\/\/secure.gravatar.com\/avatar\/4faace62981be50719be6a25151192978e6d585737a520836dcb98934de3bb45?s=96&d=mm&r=g","height":96,"width":96}},"publisher":{"@type":"Organization","name":"tomina.cz","logo":{"@type":"ImageObject","@id":"\/logo.png","url":"\/logo.png","width":600,"height":60}},"image":{"@type":"ImageObject","@id":"https:\/\/www.tomina.cz\/wp-content\/uploads\/img_a348108_w1690_t1562586138.jpg","url":"https:\/\/www.tomina.cz\/wp-content\/uploads\/img_a348108_w1690_t1562586138.jpg","height":0,"width":0},"wordCount":598,"keywords":null},{"@type":"Article","@id":"https:\/\/www.tomina.cz\/s-biomiskou-bude-kliceni-seminek-jednoduche\/","headline":"S biomiskou bude kl\u00ed\u010den\u00ed sem\u00ednek jednoduch\u00e9","url":"https:\/\/www.tomina.cz\/s-biomiskou-bude-kliceni-seminek-jednoduche\/","datePublished":"2019-09-13","dateModified":"2023-04-29","mainEntityOfPage":"https:\/\/www.tomina.cz\/s-biomiskou-bude-kliceni-seminek-jednoduche\/","author":{"@type":"Person","@id":"https:\/\/www.tomina.cz\/author\/#Person","name":"","url":"https:\/\/www.tomina.cz\/author\/","identifier":1,"image":{"@type":"ImageObject","@id":"https:\/\/secure.gravatar.com\/avatar\/4faace62981be50719be6a25151192978e6d585737a520836dcb98934de3bb45?s=96&d=mm&r=g","url":"https:\/\/secure.gravatar.com\/avatar\/4faace62981be50719be6a25151192978e6d585737a520836dcb98934de3bb45?s=96&d=mm&r=g","height":96,"width":96}},"publisher":{"@type":"Organization","name":"tomina.cz","logo":{"@type":"ImageObject","@id":"\/logo.png","url":"\/logo.png","width":600,"height":60}},"image":{"@type":"ImageObject","@id":"https:\/\/www.tomina.cz\/wp-content\/uploads\/img_a349283_w1713_t1564137517.jpg","url":"https:\/\/www.tomina.cz\/wp-content\/uploads\/img_a349283_w1713_t1564137517.jpg","height":0,"width":0},"wordCount":527,"keywords":null},{"@type":"Article","@id":"https:\/\/www.tomina.cz\/nez-si-slapneme-do-pedalu\/","headline":"Ne\u017e si \u0161l\u00e1pneme do ped\u00e1l\u016f","url":"https:\/\/www.tomina.cz\/nez-si-slapneme-do-pedalu\/","datePublished":"2019-09-11","dateModified":"2023-04-29","mainEntityOfPage":"https:\/\/www.tomina.cz\/nez-si-slapneme-do-pedalu\/","author":{"@type":"Person","@id":"https:\/\/www.tomina.cz\/author\/#Person","name":"","url":"https:\/\/www.tomina.cz\/author\/","identifier":1,"image":{"@type":"ImageObject","@id":"https:\/\/secure.gravatar.com\/avatar\/4faace62981be50719be6a25151192978e6d585737a520836dcb98934de3bb45?s=96&d=mm&r=g","url":"https:\/\/secure.gravatar.com\/avatar\/4faace62981be50719be6a25151192978e6d585737a520836dcb98934de3bb45?s=96&d=mm&r=g","height":96,"width":96}},"publisher":{"@type":"Organization","name":"tomina.cz","logo":{"@type":"ImageObject","@id":"\/logo.png","url":"\/logo.png","width":600,"height":60}},"image":{"@type":"ImageObject","@id":"https:\/\/www.tomina.cz\/wp-content\/uploads\/img_a341985_w2600_t1554894503.jpg","url":"https:\/\/www.tomina.cz\/wp-content\/uploads\/img_a341985_w2600_t1554894503.jpg","height":0,"width":0},"wordCount":649,"keywords":null},{"@type":"Article","@id":"https:\/\/www.tomina.cz\/asistent-s-detmi\/","headline":"Asistent s d\u011btmi","url":"https:\/\/www.tomina.cz\/asistent-s-detmi\/","datePublished":"2019-09-10","dateModified":"2023-04-29","mainEntityOfPage":"https:\/\/www.tomina.cz\/asistent-s-detmi\/","author":{"@type":"Person","@id":"https:\/\/www.tomina.cz\/author\/#Person","name":"","url":"https:\/\/www.tomina.cz\/author\/","identifier":1,"image":{"@type":"ImageObject","@id":"https:\/\/secure.gravatar.com\/avatar\/4faace62981be50719be6a25151192978e6d585737a520836dcb98934de3bb45?s=96&d=mm&r=g","url":"https:\/\/secure.gravatar.com\/avatar\/4faace62981be50719be6a25151192978e6d585737a520836dcb98934de3bb45?s=96&d=mm&r=g","height":96,"width":96}},"publisher":{"@type":"Organization","name":"tomina.cz","logo":{"@type":"ImageObject","@id":"\/logo.png","url":"\/logo.png","width":600,"height":60}},"image":{"@type":"ImageObject","@id":"https:\/\/www.tomina.cz\/wp-content\/uploads\/img_a354839_w2969_t1569339768.jpg","url":"https:\/\/www.tomina.cz\/wp-content\/uploads\/img_a354839_w2969_t1569339768.jpg","height":0,"width":0},"wordCount":507,"keywords":null},{"@type":"Article","@id":"https:\/\/www.tomina.cz\/jak-na-financni-problemy\/","headline":"Jak na finan\u010dn\u00ed probl\u00e9my?","url":"https:\/\/www.tomina.cz\/jak-na-financni-problemy\/","datePublished":"2019-09-10","dateModified":"2023-04-29","mainEntityOfPage":"https:\/\/www.tomina.cz\/jak-na-financni-problemy\/","author":{"@type":"Person","@id":"https:\/\/www.tomina.cz\/author\/#Person","name":"","url":"https:\/\/www.tomina.cz\/author\/","identifier":1,"image":{"@type":"ImageObject","@id":"https:\/\/secure.gravatar.com\/avatar\/4faace62981be50719be6a25151192978e6d585737a520836dcb98934de3bb45?s=96&d=mm&r=g","url":"https:\/\/secure.gravatar.com\/avatar\/4faace62981be50719be6a25151192978e6d585737a520836dcb98934de3bb45?s=96&d=mm&r=g","height":96,"width":96}},"publisher":{"@type":"Organization","name":"tomina.cz","logo":{"@type":"ImageObject","@id":"\/logo.png","url":"\/logo.png","width":600,"height":60}},"image":{"@type":"ImageObject","@id":"https:\/\/www.tomina.cz\/wp-content\/uploads\/img_a365842_w2092_t1578483699.jpg","url":"https:\/\/www.tomina.cz\/wp-content\/uploads\/img_a365842_w2092_t1578483699.jpg","height":0,"width":0},"wordCount":557,"keywords":null}]},{"@context":"https:\/\/schema.org","@type":"WebSite","@id":"https:\/\/www.tomina.cz\/#website","name":"Tomina","url":"https:\/\/www.tomina.cz","potentialAction":{"@type":"SearchAction","target":"https:\/\/www.tomina.cz\/?s={search_term_string}","query-input":"required name=search_term_string"}}]