[{"@context":"https:\/\/schema.org\/","@type":"Blog","@id":"https:\/\/www.tomina.cz#Blog","headline":"Tomina","description":"\nInformace z na\u0161\u00ed internetov\u00e9 str\u00e1nky, kter\u00e9 jsme pro v\u00e1s p\u0159ipravili, v\u00e1s v \u017e\u00e1dn\u00e9m p\u0159\u00edpad\u011b nep\u0159ijdou draho. A logicky na n\u011b tedy ani nikdo z v\u00e1s nedoplat\u00ed.","url":"https:\/\/www.tomina.cz","hasPart":[{"@type":"Article","@id":"https:\/\/www.tomina.cz\/terasove-salace\/","headline":"Terasov\u00e9 s\u00e1la\u010de","url":"https:\/\/www.tomina.cz\/terasove-salace\/","datePublished":"2024-12-10","dateModified":"2024-12-10","mainEntityOfPage":"https:\/\/www.tomina.cz\/terasove-salace\/","author":{"@type":"Person","@id":"https:\/\/www.tomina.cz\/author\/#Person","name":"","url":"https:\/\/www.tomina.cz\/author\/","identifier":1,"image":{"@type":"ImageObject","@id":"https:\/\/secure.gravatar.com\/avatar\/4faace62981be50719be6a25151192978e6d585737a520836dcb98934de3bb45?s=96&d=mm&r=g","url":"https:\/\/secure.gravatar.com\/avatar\/4faace62981be50719be6a25151192978e6d585737a520836dcb98934de3bb45?s=96&d=mm&r=g","height":96,"width":96}},"publisher":{"@type":"Organization","name":"tomina.cz","logo":{"@type":"ImageObject","@id":"\/logo.png","url":"\/logo.png","width":600,"height":60}},"image":null,"wordCount":263,"keywords":null},{"@type":"Article","@id":"https:\/\/www.tomina.cz\/rekonstruujete\/","headline":"Rekonstruujete?","url":"https:\/\/www.tomina.cz\/rekonstruujete\/","datePublished":"2024-12-01","dateModified":"2024-12-01","mainEntityOfPage":"https:\/\/www.tomina.cz\/rekonstruujete\/","author":{"@type":"Person","@id":"https:\/\/www.tomina.cz\/author\/#Person","name":"","url":"https:\/\/www.tomina.cz\/author\/","identifier":1,"image":{"@type":"ImageObject","@id":"https:\/\/secure.gravatar.com\/avatar\/4faace62981be50719be6a25151192978e6d585737a520836dcb98934de3bb45?s=96&d=mm&r=g","url":"https:\/\/secure.gravatar.com\/avatar\/4faace62981be50719be6a25151192978e6d585737a520836dcb98934de3bb45?s=96&d=mm&r=g","height":96,"width":96}},"publisher":{"@type":"Organization","name":"tomina.cz","logo":{"@type":"ImageObject","@id":"\/logo.png","url":"\/logo.png","width":600,"height":60}},"image":null,"wordCount":216,"keywords":null},{"@type":"Article","@id":"https:\/\/www.tomina.cz\/vybudujte-si-vetsi-domov\/","headline":"Vybudujte si v\u011bt\u0161\u00ed domov","url":"https:\/\/www.tomina.cz\/vybudujte-si-vetsi-domov\/","datePublished":"2024-11-22","dateModified":"2024-11-22","mainEntityOfPage":"https:\/\/www.tomina.cz\/vybudujte-si-vetsi-domov\/","author":{"@type":"Person","@id":"https:\/\/www.tomina.cz\/author\/#Person","name":"","url":"https:\/\/www.tomina.cz\/author\/","identifier":1,"image":{"@type":"ImageObject","@id":"https:\/\/secure.gravatar.com\/avatar\/4faace62981be50719be6a25151192978e6d585737a520836dcb98934de3bb45?s=96&d=mm&r=g","url":"https:\/\/secure.gravatar.com\/avatar\/4faace62981be50719be6a25151192978e6d585737a520836dcb98934de3bb45?s=96&d=mm&r=g","height":96,"width":96}},"publisher":{"@type":"Organization","name":"tomina.cz","logo":{"@type":"ImageObject","@id":"\/logo.png","url":"\/logo.png","width":600,"height":60}},"image":null,"wordCount":213,"keywords":null},{"@type":"Article","@id":"https:\/\/www.tomina.cz\/poradime-vam-jak-si-vybrat-nejlepsi-ubytovani\/","headline":"Porad\u00edme v\u00e1m, jak si vybrat nejlep\u0161\u00ed ubytov\u00e1n\u00ed","url":"https:\/\/www.tomina.cz\/poradime-vam-jak-si-vybrat-nejlepsi-ubytovani\/","datePublished":"2024-11-15","dateModified":"2024-11-15","mainEntityOfPage":"https:\/\/www.tomina.cz\/poradime-vam-jak-si-vybrat-nejlepsi-ubytovani\/","author":{"@type":"Person","@id":"https:\/\/www.tomina.cz\/author\/#Person","name":"","url":"https:\/\/www.tomina.cz\/author\/","identifier":1,"image":{"@type":"ImageObject","@id":"https:\/\/secure.gravatar.com\/avatar\/4faace62981be50719be6a25151192978e6d585737a520836dcb98934de3bb45?s=96&d=mm&r=g","url":"https:\/\/secure.gravatar.com\/avatar\/4faace62981be50719be6a25151192978e6d585737a520836dcb98934de3bb45?s=96&d=mm&r=g","height":96,"width":96}},"publisher":{"@type":"Organization","name":"tomina.cz","logo":{"@type":"ImageObject","@id":"\/logo.png","url":"\/logo.png","width":600,"height":60}},"image":null,"wordCount":275,"keywords":null},{"@type":"Article","@id":"https:\/\/www.tomina.cz\/spolehlivejsiho-dodavatele-toneru-byste-hledali-jen-tezko\/","headline":"Spolehliv\u011bj\u0161\u00edho dodavatele toneru byste hledali jen t\u011b\u017eko!","url":"https:\/\/www.tomina.cz\/spolehlivejsiho-dodavatele-toneru-byste-hledali-jen-tezko\/","datePublished":"2024-11-08","dateModified":"2024-11-08","mainEntityOfPage":"https:\/\/www.tomina.cz\/spolehlivejsiho-dodavatele-toneru-byste-hledali-jen-tezko\/","author":{"@type":"Person","@id":"https:\/\/www.tomina.cz\/author\/#Person","name":"","url":"https:\/\/www.tomina.cz\/author\/","identifier":1,"image":{"@type":"ImageObject","@id":"https:\/\/secure.gravatar.com\/avatar\/4faace62981be50719be6a25151192978e6d585737a520836dcb98934de3bb45?s=96&d=mm&r=g","url":"https:\/\/secure.gravatar.com\/avatar\/4faace62981be50719be6a25151192978e6d585737a520836dcb98934de3bb45?s=96&d=mm&r=g","height":96,"width":96}},"publisher":{"@type":"Organization","name":"tomina.cz","logo":{"@type":"ImageObject","@id":"\/logo.png","url":"\/logo.png","width":600,"height":60}},"image":null,"wordCount":219,"keywords":null},{"@type":"Article","@id":"https:\/\/www.tomina.cz\/epoptavka-pomuze-k-zakazkam-i-vam\/","headline":"Epopt\u00e1vka pom\u016f\u017ee k zak\u00e1zk\u00e1m i v\u00e1m","url":"https:\/\/www.tomina.cz\/epoptavka-pomuze-k-zakazkam-i-vam\/","datePublished":"2024-11-01","dateModified":"2024-11-01","mainEntityOfPage":"https:\/\/www.tomina.cz\/epoptavka-pomuze-k-zakazkam-i-vam\/","author":{"@type":"Person","@id":"https:\/\/www.tomina.cz\/author\/#Person","name":"","url":"https:\/\/www.tomina.cz\/author\/","identifier":1,"image":{"@type":"ImageObject","@id":"https:\/\/secure.gravatar.com\/avatar\/4faace62981be50719be6a25151192978e6d585737a520836dcb98934de3bb45?s=96&d=mm&r=g","url":"https:\/\/secure.gravatar.com\/avatar\/4faace62981be50719be6a25151192978e6d585737a520836dcb98934de3bb45?s=96&d=mm&r=g","height":96,"width":96}},"publisher":{"@type":"Organization","name":"tomina.cz","logo":{"@type":"ImageObject","@id":"\/logo.png","url":"\/logo.png","width":600,"height":60}},"image":null,"wordCount":294,"keywords":null},{"@type":"Article","@id":"https:\/\/www.tomina.cz\/nejvyhodnejsi-uver-s-czech-mortgage-calculator\/","headline":"Nejv\u00fdhodn\u011bj\u0161\u00ed \u00fav\u011br s Czech Mortgage Calculator","url":"https:\/\/www.tomina.cz\/nejvyhodnejsi-uver-s-czech-mortgage-calculator\/","datePublished":"2024-10-25","dateModified":"2024-10-25","mainEntityOfPage":"https:\/\/www.tomina.cz\/nejvyhodnejsi-uver-s-czech-mortgage-calculator\/","author":{"@type":"Person","@id":"https:\/\/www.tomina.cz\/author\/#Person","name":"","url":"https:\/\/www.tomina.cz\/author\/","identifier":1,"image":{"@type":"ImageObject","@id":"https:\/\/secure.gravatar.com\/avatar\/4faace62981be50719be6a25151192978e6d585737a520836dcb98934de3bb45?s=96&d=mm&r=g","url":"https:\/\/secure.gravatar.com\/avatar\/4faace62981be50719be6a25151192978e6d585737a520836dcb98934de3bb45?s=96&d=mm&r=g","height":96,"width":96}},"publisher":{"@type":"Organization","name":"tomina.cz","logo":{"@type":"ImageObject","@id":"\/logo.png","url":"\/logo.png","width":600,"height":60}},"image":null,"wordCount":299,"keywords":null},{"@type":"Article","@id":"https:\/\/www.tomina.cz\/povinnosti-ktere-neni-radno-podcenovat\/","headline":"Povinnosti, kter\u00e9 nen\u00ed radno podce\u0148ovat","url":"https:\/\/www.tomina.cz\/povinnosti-ktere-neni-radno-podcenovat\/","datePublished":"2024-10-21","dateModified":"2024-10-21","mainEntityOfPage":"https:\/\/www.tomina.cz\/povinnosti-ktere-neni-radno-podcenovat\/","author":{"@type":"Person","@id":"https:\/\/www.tomina.cz\/author\/#Person","name":"","url":"https:\/\/www.tomina.cz\/author\/","identifier":1,"image":{"@type":"ImageObject","@id":"https:\/\/secure.gravatar.com\/avatar\/4faace62981be50719be6a25151192978e6d585737a520836dcb98934de3bb45?s=96&d=mm&r=g","url":"https:\/\/secure.gravatar.com\/avatar\/4faace62981be50719be6a25151192978e6d585737a520836dcb98934de3bb45?s=96&d=mm&r=g","height":96,"width":96}},"publisher":{"@type":"Organization","name":"tomina.cz","logo":{"@type":"ImageObject","@id":"\/logo.png","url":"\/logo.png","width":600,"height":60}},"image":null,"wordCount":279,"keywords":null},{"@type":"Article","@id":"https:\/\/www.tomina.cz\/ta-technika-tu-musi-byt\/","headline":"Ta technika tu mus\u00ed b\u00fdt","url":"https:\/\/www.tomina.cz\/ta-technika-tu-musi-byt\/","datePublished":"2024-05-27","dateModified":"2024-05-27","mainEntityOfPage":"https:\/\/www.tomina.cz\/ta-technika-tu-musi-byt\/","author":{"@type":"Person","@id":"https:\/\/www.tomina.cz\/author\/#Person","name":"","url":"https:\/\/www.tomina.cz\/author\/","identifier":1,"image":{"@type":"ImageObject","@id":"https:\/\/secure.gravatar.com\/avatar\/4faace62981be50719be6a25151192978e6d585737a520836dcb98934de3bb45?s=96&d=mm&r=g","url":"https:\/\/secure.gravatar.com\/avatar\/4faace62981be50719be6a25151192978e6d585737a520836dcb98934de3bb45?s=96&d=mm&r=g","height":96,"width":96}},"publisher":{"@type":"Organization","name":"tomina.cz","logo":{"@type":"ImageObject","@id":"\/logo.png","url":"\/logo.png","width":600,"height":60}},"image":{"@type":"ImageObject","@id":"https:\/\/www.tomina.cz\/wp-content\/uploads\/%C5%BE%C5%BE%C5%BE_10_10_9.jpg","url":"https:\/\/www.tomina.cz\/wp-content\/uploads\/%C5%BE%C5%BE%C5%BE_10_10_9.jpg","height":0,"width":0},"wordCount":637,"keywords":null},{"@type":"Article","@id":"https:\/\/www.tomina.cz\/ibiskovy-caj-jako-vzpominka-na-gran-canaria\/","headline":"Ibi\u0161kov\u00fd \u010daj jako vzpom\u00ednka na Gran Canaria","url":"https:\/\/www.tomina.cz\/ibiskovy-caj-jako-vzpominka-na-gran-canaria\/","datePublished":"2024-05-10","dateModified":"2024-05-10","mainEntityOfPage":"https:\/\/www.tomina.cz\/ibiskovy-caj-jako-vzpominka-na-gran-canaria\/","author":{"@type":"Person","@id":"https:\/\/www.tomina.cz\/author\/#Person","name":"","url":"https:\/\/www.tomina.cz\/author\/","identifier":1,"image":{"@type":"ImageObject","@id":"https:\/\/secure.gravatar.com\/avatar\/4faace62981be50719be6a25151192978e6d585737a520836dcb98934de3bb45?s=96&d=mm&r=g","url":"https:\/\/secure.gravatar.com\/avatar\/4faace62981be50719be6a25151192978e6d585737a520836dcb98934de3bb45?s=96&d=mm&r=g","height":96,"width":96}},"publisher":{"@type":"Organization","name":"tomina.cz","logo":{"@type":"ImageObject","@id":"\/logo.png","url":"\/logo.png","width":600,"height":60}},"image":{"@type":"ImageObject","@id":"https:\/\/www.tomina.cz\/wp-content\/uploads\/gran-canaria-1684745_640.jpg","url":"https:\/\/www.tomina.cz\/wp-content\/uploads\/gran-canaria-1684745_640.jpg","height":0,"width":0},"wordCount":654,"keywords":null}]},{"@context":"https:\/\/schema.org","@type":"WebSite","@id":"https:\/\/www.tomina.cz\/#website","name":"Tomina","url":"https:\/\/www.tomina.cz","potentialAction":{"@type":"SearchAction","target":"https:\/\/www.tomina.cz\/?s={search_term_string}","query-input":"required name=search_term_string"}}]