[{"@context":"https:\/\/schema.org\/","@type":"Blog","@id":"https:\/\/www.tomina.cz#Blog","headline":"Tomina","description":"\nInformace z na\u0161\u00ed internetov\u00e9 str\u00e1nky, kter\u00e9 jsme pro v\u00e1s p\u0159ipravili, v\u00e1s v \u017e\u00e1dn\u00e9m p\u0159\u00edpad\u011b nep\u0159ijdou draho. A logicky na n\u011b tedy ani nikdo z v\u00e1s nedoplat\u00ed.","url":"https:\/\/www.tomina.cz","hasPart":[{"@type":"Article","@id":"https:\/\/www.tomina.cz\/vsade-same-obalky\/","headline":"V\u0161ade sam\u00e9 ob\u00e1lky","url":"https:\/\/www.tomina.cz\/vsade-same-obalky\/","datePublished":"2023-11-20","dateModified":"2023-11-20","mainEntityOfPage":"https:\/\/www.tomina.cz\/vsade-same-obalky\/","author":{"@type":"Person","@id":"https:\/\/www.tomina.cz\/author\/#Person","name":"","url":"https:\/\/www.tomina.cz\/author\/","identifier":1,"image":{"@type":"ImageObject","@id":"https:\/\/secure.gravatar.com\/avatar\/4faace62981be50719be6a25151192978e6d585737a520836dcb98934de3bb45?s=96&d=mm&r=g","url":"https:\/\/secure.gravatar.com\/avatar\/4faace62981be50719be6a25151192978e6d585737a520836dcb98934de3bb45?s=96&d=mm&r=g","height":96,"width":96}},"publisher":{"@type":"Organization","name":"tomina.cz","logo":{"@type":"ImageObject","@id":"\/logo.png","url":"\/logo.png","width":600,"height":60}},"image":null,"wordCount":267,"keywords":null},{"@type":"Article","@id":"https:\/\/www.tomina.cz\/kdyz-to-v-posteli-neklape\/","headline":"Kdy\u017e to v posteli neklape","url":"https:\/\/www.tomina.cz\/kdyz-to-v-posteli-neklape\/","datePublished":"2023-11-19","dateModified":"2024-05-28","mainEntityOfPage":"https:\/\/www.tomina.cz\/kdyz-to-v-posteli-neklape\/","author":{"@type":"Person","@id":"https:\/\/www.tomina.cz\/author\/#Person","name":"","url":"https:\/\/www.tomina.cz\/author\/","identifier":1,"image":{"@type":"ImageObject","@id":"https:\/\/secure.gravatar.com\/avatar\/4faace62981be50719be6a25151192978e6d585737a520836dcb98934de3bb45?s=96&d=mm&r=g","url":"https:\/\/secure.gravatar.com\/avatar\/4faace62981be50719be6a25151192978e6d585737a520836dcb98934de3bb45?s=96&d=mm&r=g","height":96,"width":96}},"publisher":{"@type":"Organization","name":"tomina.cz","logo":{"@type":"ImageObject","@id":"\/logo.png","url":"\/logo.png","width":600,"height":60}},"image":{"@type":"ImageObject","@id":"https:\/\/www.tomina.cz\/wp-content\/uploads\/people-2588172_640_10.jpg","url":"https:\/\/www.tomina.cz\/wp-content\/uploads\/people-2588172_640_10.jpg","height":0,"width":0},"wordCount":548,"keywords":null},{"@type":"Article","@id":"https:\/\/www.tomina.cz\/sedaci-soupravy-v-mnoha-variantach\/","headline":"Sedac\u00ed soupravy v mnoha variant\u00e1ch","url":"https:\/\/www.tomina.cz\/sedaci-soupravy-v-mnoha-variantach\/","datePublished":"2023-10-14","dateModified":"2023-10-14","mainEntityOfPage":"https:\/\/www.tomina.cz\/sedaci-soupravy-v-mnoha-variantach\/","author":{"@type":"Person","@id":"https:\/\/www.tomina.cz\/author\/#Person","name":"","url":"https:\/\/www.tomina.cz\/author\/","identifier":1,"image":{"@type":"ImageObject","@id":"https:\/\/secure.gravatar.com\/avatar\/4faace62981be50719be6a25151192978e6d585737a520836dcb98934de3bb45?s=96&d=mm&r=g","url":"https:\/\/secure.gravatar.com\/avatar\/4faace62981be50719be6a25151192978e6d585737a520836dcb98934de3bb45?s=96&d=mm&r=g","height":96,"width":96}},"publisher":{"@type":"Organization","name":"tomina.cz","logo":{"@type":"ImageObject","@id":"\/logo.png","url":"\/logo.png","width":600,"height":60}},"image":null,"wordCount":280,"keywords":null},{"@type":"Article","@id":"https:\/\/www.tomina.cz\/provozujeme-autodopravu-a-rozvazime-ovoce-a-zeleninu\/","headline":"Provozujeme autodopravu a rozv\u00e1\u017e\u00edme ovoce a zeleninu","url":"https:\/\/www.tomina.cz\/provozujeme-autodopravu-a-rozvazime-ovoce-a-zeleninu\/","datePublished":"2023-09-26","dateModified":"2023-11-02","mainEntityOfPage":"https:\/\/www.tomina.cz\/provozujeme-autodopravu-a-rozvazime-ovoce-a-zeleninu\/","author":{"@type":"Person","@id":"https:\/\/www.tomina.cz\/author\/#Person","name":"","url":"https:\/\/www.tomina.cz\/author\/","identifier":1,"image":{"@type":"ImageObject","@id":"https:\/\/secure.gravatar.com\/avatar\/4faace62981be50719be6a25151192978e6d585737a520836dcb98934de3bb45?s=96&d=mm&r=g","url":"https:\/\/secure.gravatar.com\/avatar\/4faace62981be50719be6a25151192978e6d585737a520836dcb98934de3bb45?s=96&d=mm&r=g","height":96,"width":96}},"publisher":{"@type":"Organization","name":"tomina.cz","logo":{"@type":"ImageObject","@id":"\/logo.png","url":"\/logo.png","width":600,"height":60}},"image":{"@type":"ImageObject","@id":"https:\/\/www.tomina.cz\/wp-content\/uploads\/apples-4539102_640.jpg","url":"https:\/\/www.tomina.cz\/wp-content\/uploads\/apples-4539102_640.jpg","height":0,"width":0},"wordCount":658,"keywords":null},{"@type":"Article","@id":"https:\/\/www.tomina.cz\/opravy-vseho-druhu\/","headline":"Opravy v\u0161eho druhu","url":"https:\/\/www.tomina.cz\/opravy-vseho-druhu\/","datePublished":"2023-09-02","dateModified":"2023-09-02","mainEntityOfPage":"https:\/\/www.tomina.cz\/opravy-vseho-druhu\/","author":{"@type":"Person","@id":"https:\/\/www.tomina.cz\/author\/#Person","name":"","url":"https:\/\/www.tomina.cz\/author\/","identifier":1,"image":{"@type":"ImageObject","@id":"https:\/\/secure.gravatar.com\/avatar\/4faace62981be50719be6a25151192978e6d585737a520836dcb98934de3bb45?s=96&d=mm&r=g","url":"https:\/\/secure.gravatar.com\/avatar\/4faace62981be50719be6a25151192978e6d585737a520836dcb98934de3bb45?s=96&d=mm&r=g","height":96,"width":96}},"publisher":{"@type":"Organization","name":"tomina.cz","logo":{"@type":"ImageObject","@id":"\/logo.png","url":"\/logo.png","width":600,"height":60}},"image":null,"wordCount":279,"keywords":null},{"@type":"Article","@id":"https:\/\/www.tomina.cz\/pozor-na-zuby\/","headline":"Pozor na zuby","url":"https:\/\/www.tomina.cz\/pozor-na-zuby\/","datePublished":"2023-08-27","dateModified":"2023-10-10","mainEntityOfPage":"https:\/\/www.tomina.cz\/pozor-na-zuby\/","author":{"@type":"Person","@id":"https:\/\/www.tomina.cz\/author\/#Person","name":"","url":"https:\/\/www.tomina.cz\/author\/","identifier":1,"image":{"@type":"ImageObject","@id":"https:\/\/secure.gravatar.com\/avatar\/4faace62981be50719be6a25151192978e6d585737a520836dcb98934de3bb45?s=96&d=mm&r=g","url":"https:\/\/secure.gravatar.com\/avatar\/4faace62981be50719be6a25151192978e6d585737a520836dcb98934de3bb45?s=96&d=mm&r=g","height":96,"width":96}},"publisher":{"@type":"Organization","name":"tomina.cz","logo":{"@type":"ImageObject","@id":"\/logo.png","url":"\/logo.png","width":600,"height":60}},"image":{"@type":"ImageObject","@id":"https:\/\/www.tomina.cz\/wp-content\/uploads\/dentist-748154_1280.jpg","url":"https:\/\/www.tomina.cz\/wp-content\/uploads\/dentist-748154_1280.jpg","height":0,"width":0},"wordCount":539,"keywords":null},{"@type":"Article","@id":"https:\/\/www.tomina.cz\/moznost-zapujceni-i-prodeje\/","headline":"Mo\u017enost zap\u016fj\u010den\u00ed i prodeje","url":"https:\/\/www.tomina.cz\/moznost-zapujceni-i-prodeje\/","datePublished":"2023-07-28","dateModified":"2023-07-28","mainEntityOfPage":"https:\/\/www.tomina.cz\/moznost-zapujceni-i-prodeje\/","author":{"@type":"Person","@id":"https:\/\/www.tomina.cz\/author\/#Person","name":"","url":"https:\/\/www.tomina.cz\/author\/","identifier":1,"image":{"@type":"ImageObject","@id":"https:\/\/secure.gravatar.com\/avatar\/4faace62981be50719be6a25151192978e6d585737a520836dcb98934de3bb45?s=96&d=mm&r=g","url":"https:\/\/secure.gravatar.com\/avatar\/4faace62981be50719be6a25151192978e6d585737a520836dcb98934de3bb45?s=96&d=mm&r=g","height":96,"width":96}},"publisher":{"@type":"Organization","name":"tomina.cz","logo":{"@type":"ImageObject","@id":"\/logo.png","url":"\/logo.png","width":600,"height":60}},"image":null,"wordCount":292,"keywords":null},{"@type":"Article","@id":"https:\/\/www.tomina.cz\/cestovni-lekarnicka-v-kostce\/","headline":"Cestovn\u00ed l\u00e9k\u00e1rni\u010dka v kostce","url":"https:\/\/www.tomina.cz\/cestovni-lekarnicka-v-kostce\/","datePublished":"2023-07-15","dateModified":"2023-09-01","mainEntityOfPage":"https:\/\/www.tomina.cz\/cestovni-lekarnicka-v-kostce\/","author":{"@type":"Person","@id":"https:\/\/www.tomina.cz\/author\/#Person","name":"","url":"https:\/\/www.tomina.cz\/author\/","identifier":1,"image":{"@type":"ImageObject","@id":"https:\/\/secure.gravatar.com\/avatar\/4faace62981be50719be6a25151192978e6d585737a520836dcb98934de3bb45?s=96&d=mm&r=g","url":"https:\/\/secure.gravatar.com\/avatar\/4faace62981be50719be6a25151192978e6d585737a520836dcb98934de3bb45?s=96&d=mm&r=g","height":96,"width":96}},"publisher":{"@type":"Organization","name":"tomina.cz","logo":{"@type":"ImageObject","@id":"\/logo.png","url":"\/logo.png","width":600,"height":60}},"image":{"@type":"ImageObject","@id":"https:\/\/www.tomina.cz\/wp-content\/uploads\/pexels-photo-11894049_3.jpeg","url":"https:\/\/www.tomina.cz\/wp-content\/uploads\/pexels-photo-11894049_3.jpeg","height":0,"width":0},"wordCount":593,"keywords":null},{"@type":"Article","@id":"https:\/\/www.tomina.cz\/pripravek-pro-obnoveni-vaseho-mladi\/","headline":"P\u0159\u00edpravek pro obnoven\u00ed va\u0161eho ml\u00e1d\u00ed","url":"https:\/\/www.tomina.cz\/pripravek-pro-obnoveni-vaseho-mladi\/","datePublished":"2023-06-21","dateModified":"2024-06-24","mainEntityOfPage":"https:\/\/www.tomina.cz\/pripravek-pro-obnoveni-vaseho-mladi\/","author":{"@type":"Person","@id":"https:\/\/www.tomina.cz\/author\/#Person","name":"","url":"https:\/\/www.tomina.cz\/author\/","identifier":1,"image":{"@type":"ImageObject","@id":"https:\/\/secure.gravatar.com\/avatar\/4faace62981be50719be6a25151192978e6d585737a520836dcb98934de3bb45?s=96&d=mm&r=g","url":"https:\/\/secure.gravatar.com\/avatar\/4faace62981be50719be6a25151192978e6d585737a520836dcb98934de3bb45?s=96&d=mm&r=g","height":96,"width":96}},"publisher":{"@type":"Organization","name":"tomina.cz","logo":{"@type":"ImageObject","@id":"\/logo.png","url":"\/logo.png","width":600,"height":60}},"image":null,"wordCount":288,"keywords":null},{"@type":"Article","@id":"https:\/\/www.tomina.cz\/i-bez-kanalizace-se-da-zit\/","headline":"I bez kanalizace se d\u00e1 \u017e\u00edt","url":"https:\/\/www.tomina.cz\/i-bez-kanalizace-se-da-zit\/","datePublished":"2023-05-01","dateModified":"2024-05-06","mainEntityOfPage":"https:\/\/www.tomina.cz\/i-bez-kanalizace-se-da-zit\/","author":{"@type":"Person","@id":"https:\/\/www.tomina.cz\/author\/#Person","name":"","url":"https:\/\/www.tomina.cz\/author\/","identifier":1,"image":{"@type":"ImageObject","@id":"https:\/\/secure.gravatar.com\/avatar\/4faace62981be50719be6a25151192978e6d585737a520836dcb98934de3bb45?s=96&d=mm&r=g","url":"https:\/\/secure.gravatar.com\/avatar\/4faace62981be50719be6a25151192978e6d585737a520836dcb98934de3bb45?s=96&d=mm&r=g","height":96,"width":96}},"publisher":{"@type":"Organization","name":"tomina.cz","logo":{"@type":"ImageObject","@id":"\/logo.png","url":"\/logo.png","width":600,"height":60}},"image":null,"wordCount":497,"keywords":null}]},{"@context":"https:\/\/schema.org","@type":"WebSite","@id":"https:\/\/www.tomina.cz\/#website","name":"Tomina","url":"https:\/\/www.tomina.cz","potentialAction":{"@type":"SearchAction","target":"https:\/\/www.tomina.cz\/?s={search_term_string}","query-input":"required name=search_term_string"}}]