[{"@context":"https:\/\/schema.org\/","@type":"Article","@id":"https:\/\/www.tomina.cz\/pece-o-seniory\/#Article","mainEntityOfPage":"https:\/\/www.tomina.cz\/pece-o-seniory\/","headline":"P\u00e9\u010de o seniory","name":"P\u00e9\u010de o seniory","description":"Ur\u010dit\u011b tak\u00e9 zn\u00e1te takov\u00e9 p\u0159\u00edpady, kdy jsou sta\u0159\u00ed lid\u00e9 a jsou tak\u00e9 u\u017e \u00fapln\u011b bezmocn\u00ed. N\u011bkte\u0159\u00ed nejsou tak \u00fapln\u011b bezmocn\u00ed jako ostatn\u00ed, ale jsou samoz\u0159ejm\u011b i lid\u00e9, kter\u00fdm se t\u0159eba u\u017e neda\u0159\u00ed norm\u00e1ln\u011b \u017e\u00edt. To je potom podle m\u00e9ho n\u00e1zoru opravdu hodn\u011b smutn\u00e9. Na\u0161t\u011bst\u00ed ale existuj\u00ed mobiln\u00ed telefony, kter\u00e9 jsou ur\u010den\u00e9 p\u0159\u00edmo pro seniory. To...","datePublished":"2025-06-14","dateModified":"2025-06-14","author":{"@type":"Person","@id":"https:\/\/www.tomina.cz\/author\/#Person","name":"","url":"https:\/\/www.tomina.cz\/author\/","identifier":1,"image":{"@type":"ImageObject","@id":"https:\/\/secure.gravatar.com\/avatar\/4faace62981be50719be6a25151192978e6d585737a520836dcb98934de3bb45?s=96&d=mm&r=g","url":"https:\/\/secure.gravatar.com\/avatar\/4faace62981be50719be6a25151192978e6d585737a520836dcb98934de3bb45?s=96&d=mm&r=g","height":96,"width":96}},"publisher":{"@type":"Organization","name":"tomina.cz","logo":{"@type":"ImageObject","@id":"\/logo.png","url":"\/logo.png","width":600,"height":60}},"image":{"@type":"ImageObject","@id":"https:\/\/www.tomina.cz\/wp-content\/uploads\/rollator-3480878_640.jpg","url":"https:\/\/www.tomina.cz\/wp-content\/uploads\/rollator-3480878_640.jpg","height":0,"width":0},"url":"https:\/\/www.tomina.cz\/pece-o-seniory\/","about":["Produkty"],"wordCount":413,"articleBody":"       Ur\u010dit\u011b tak\u00e9 zn\u00e1te takov\u00e9 p\u0159\u00edpady, kdy jsou sta\u0159\u00ed lid\u00e9 a jsou tak\u00e9 u\u017e \u00fapln\u011b bezmocn\u00ed. N\u011bkte\u0159\u00ed nejsou tak \u00fapln\u011b bezmocn\u00ed jako ostatn\u00ed, ale jsou samoz\u0159ejm\u011b i lid\u00e9, kter\u00fdm se t\u0159eba u\u017e neda\u0159\u00ed norm\u00e1ln\u011b \u017e\u00edt. To je potom podle m\u00e9ho n\u00e1zoru opravdu hodn\u011b smutn\u00e9. Na\u0161t\u011bst\u00ed ale existuj\u00ed mobiln\u00ed telefony, kter\u00e9 jsou ur\u010den\u00e9 p\u0159\u00edmo pro seniory. To znamen\u00e1, \u017ee je tam je takov\u00e9 speci\u00e1ln\u00ed tla\u010d\u00edtko, kdy\u017e ho zm\u00e1\u010dkne n\u011bjak\u00fd senior anebo jin\u00fd \u010dlov\u011bk, tak to znamen\u00e1, \u017ee p\u0159ijede z\u00e1chrann\u00e1 slu\u017eba anebo n\u011bjak\u00fd \u010dlen rodiny. Samoz\u0159ejm\u011b existuj\u00ed, ale u\u017e jinak tla\u010d\u00edtka pro seniory, kter\u00e9 tak\u00e9 m\u016f\u017eete zav\u011bsit na krk. SOS tla\u010d\u00edtko pro seniory na krk je opravdu obl\u00edben\u00e9 a mnoho lid\u00ed u\u017e tohle kupuje. J\u00e1 sama jsem si \u0159ekla, \u017ee kdybych tak\u00e9 m\u011bla starou babi\u010dku, kter\u00e1 u\u017e by byla nemohouc\u00ed nebo tak\u00e9 d\u011bde\u010dka, \u017ee bych jim stoprocentn\u011b tohle SOS tla\u010d\u00edtko pro seniory na krk po\u0159\u00eddila, proto\u017ee babi\u010dka s d\u011bde\u010dkem bydl\u00ed na vesnici. Sice je\u0161t\u011b nejsou tak moc nemohouc\u00ed. Je\u0161t\u011b jsou docela mlad\u00ed, ale \u0159ekla jsem si, \u017ee a\u017e budou star\u0161\u00ed a nebudou moct chodit, taky po\u0159\u00edd\u00edm tak\u00e9 SOS tla\u010d\u00edtko pro seniory na krk. Ka\u017ed\u00e9mu koup\u00edm sv\u00e9 tla\u010d\u00edtko, proto\u017ee oni chovaj\u00ed slepice a to znamen\u00e1, \u017ee kolikr\u00e1t tam je tak\u00e9 bahno. A kdyby tam uklouzli, tak to znamen\u00e1, \u017ee potom u\u017e nevstanou. Mysl\u00edm si, \u017ee dneska by to je\u0161t\u011b mo\u017en\u00e1 zvl\u00e1dli, ale t\u0159eba za dva nebo za t\u0159i roky u\u017e by to mo\u017en\u00e1 ani nezvl\u00e1dli. Pokud i vy hled\u00e1te n\u011bjak\u00e9 kvalitn\u00ed tla\u010d\u00edtko na krk pro seniory, kter\u00e9 je SOS kdy si senior takhle zavol\u00e1 pomoc, tak samoz\u0159ejm\u011b, \u017ee na internetu najdete opravdu \u00fapln\u011b mnoho tip\u016f a rad anebo odkaz\u016f, kde se\u017eenete pr\u00e1v\u011b SOS tla\u010d\u00edtko pro seniory, kter\u00e9 se d\u00e1 d\u00e1t na krk, opravdu se nemus\u00edte b\u00e1t, v\u00e1\u017en\u011b to funguje. J\u00e1 jsem to m\u011bla jako testuj\u00edc\u00ed osoba a zkou\u0161ela jsem to. Zkou\u0161ela jsem to d\u00e1t babi\u010dce a ona sama \u0159\u00edkala, \u017ee aby tohle ur\u010dit\u011b cht\u011bla, tak jsem si \u0159ekla, \u017ee bych j\u00ed to mohla koupit i tak. I kdy\u017e zat\u00edm je samostatn\u00e1, uvid\u00edme, co p\u0159inese \u010das.                                                                                                                                                                                                                                                                                                                                                                                           4.9\/5 - (7 votes)        "},{"@context":"https:\/\/schema.org\/","@type":"BreadcrumbList","itemListElement":[{"@type":"ListItem","position":1,"name":"P\u00e9\u010de o seniory","item":"https:\/\/www.tomina.cz\/pece-o-seniory\/#breadcrumbitem"}]}]