{"@context":"https:\/\/schema.org\/","@type":"CollectionPage","@id":"https:\/\/www.tomina.cz\/podnikani\/#CollectionPage","headline":"Podnik\u00e1n\u00ed Category","description":"","url":"https:\/\/www.tomina.cz\/podnikani\/","hasPart":[{"@type":"Article","@id":"https:\/\/www.tomina.cz\/stehovani-nabytku\/","headline":"St\u011bhov\u00e1n\u00ed n\u00e1bytku","url":"https:\/\/www.tomina.cz\/stehovani-nabytku\/","datePublished":"2026-01-06","dateModified":"2026-01-06","mainEntityOfPage":"https:\/\/www.tomina.cz\/stehovani-nabytku\/","author":{"@type":"Person","@id":"https:\/\/www.tomina.cz\/author\/#Person","name":"","url":"https:\/\/www.tomina.cz\/author\/","identifier":1,"image":{"@type":"ImageObject","@id":"https:\/\/secure.gravatar.com\/avatar\/4faace62981be50719be6a25151192978e6d585737a520836dcb98934de3bb45?s=96&d=mm&r=g","url":"https:\/\/secure.gravatar.com\/avatar\/4faace62981be50719be6a25151192978e6d585737a520836dcb98934de3bb45?s=96&d=mm&r=g","height":96,"width":96}},"publisher":{"@type":"Organization","name":"tomina.cz","logo":{"@type":"ImageObject","@id":"\/logo.png","url":"\/logo.png","width":600,"height":60}},"image":{"@type":"ImageObject","@id":"https:\/\/www.tomina.cz\/wp-content\/uploads\/bidvine-handyman-3546193_640_1.jpg","url":"https:\/\/www.tomina.cz\/wp-content\/uploads\/bidvine-handyman-3546193_640_1.jpg","height":0,"width":0},"keywords":null},{"@type":"Article","@id":"https:\/\/www.tomina.cz\/zvyste-dosah-svych-webek-diky-seo-auditu-a-ppc-reklamy\/","headline":"Zvy\u0161te dosah sv\u00fdch webek d\u00edky SEO auditu a PPC reklamy","url":"https:\/\/www.tomina.cz\/zvyste-dosah-svych-webek-diky-seo-auditu-a-ppc-reklamy\/","datePublished":"2025-12-22","dateModified":"2025-12-22","mainEntityOfPage":"https:\/\/www.tomina.cz\/zvyste-dosah-svych-webek-diky-seo-auditu-a-ppc-reklamy\/","author":{"@type":"Person","@id":"https:\/\/www.tomina.cz\/author\/#Person","name":"","url":"https:\/\/www.tomina.cz\/author\/","identifier":1,"image":{"@type":"ImageObject","@id":"https:\/\/secure.gravatar.com\/avatar\/4faace62981be50719be6a25151192978e6d585737a520836dcb98934de3bb45?s=96&d=mm&r=g","url":"https:\/\/secure.gravatar.com\/avatar\/4faace62981be50719be6a25151192978e6d585737a520836dcb98934de3bb45?s=96&d=mm&r=g","height":96,"width":96}},"publisher":{"@type":"Organization","name":"tomina.cz","logo":{"@type":"ImageObject","@id":"\/logo.png","url":"\/logo.png","width":600,"height":60}},"image":{"@type":"ImageObject","@id":"https:\/\/www.tomina.cz\/wp-content\/uploads\/laptop-614213_640_1.jpg","url":"https:\/\/www.tomina.cz\/wp-content\/uploads\/laptop-614213_640_1.jpg","height":0,"width":0},"keywords":null},{"@type":"Article","@id":"https:\/\/www.tomina.cz\/stehovani\/","headline":"St\u011bhov\u00e1n\u00ed","url":"https:\/\/www.tomina.cz\/stehovani\/","datePublished":"2025-12-09","dateModified":"2025-12-09","mainEntityOfPage":"https:\/\/www.tomina.cz\/stehovani\/","author":{"@type":"Person","@id":"https:\/\/www.tomina.cz\/author\/#Person","name":"","url":"https:\/\/www.tomina.cz\/author\/","identifier":1,"image":{"@type":"ImageObject","@id":"https:\/\/secure.gravatar.com\/avatar\/4faace62981be50719be6a25151192978e6d585737a520836dcb98934de3bb45?s=96&d=mm&r=g","url":"https:\/\/secure.gravatar.com\/avatar\/4faace62981be50719be6a25151192978e6d585737a520836dcb98934de3bb45?s=96&d=mm&r=g","height":96,"width":96}},"publisher":{"@type":"Organization","name":"tomina.cz","logo":{"@type":"ImageObject","@id":"\/logo.png","url":"\/logo.png","width":600,"height":60}},"image":{"@type":"ImageObject","@id":"https:\/\/www.tomina.cz\/wp-content\/uploads\/child-559378_640_10_8.jpg","url":"https:\/\/www.tomina.cz\/wp-content\/uploads\/child-559378_640_10_8.jpg","height":0,"width":0},"keywords":null},{"@type":"Article","@id":"https:\/\/www.tomina.cz\/praha-a-vyklizeni-pozustalosti\/","headline":"Praha a vykl\u00edzen\u00ed poz\u016fstalost\u00ed","url":"https:\/\/www.tomina.cz\/praha-a-vyklizeni-pozustalosti\/","datePublished":"2025-08-08","dateModified":"2025-08-08","mainEntityOfPage":"https:\/\/www.tomina.cz\/praha-a-vyklizeni-pozustalosti\/","author":{"@type":"Person","@id":"https:\/\/www.tomina.cz\/author\/#Person","name":"","url":"https:\/\/www.tomina.cz\/author\/","identifier":1,"image":{"@type":"ImageObject","@id":"https:\/\/secure.gravatar.com\/avatar\/4faace62981be50719be6a25151192978e6d585737a520836dcb98934de3bb45?s=96&d=mm&r=g","url":"https:\/\/secure.gravatar.com\/avatar\/4faace62981be50719be6a25151192978e6d585737a520836dcb98934de3bb45?s=96&d=mm&r=g","height":96,"width":96}},"publisher":{"@type":"Organization","name":"tomina.cz","logo":{"@type":"ImageObject","@id":"\/logo.png","url":"\/logo.png","width":600,"height":60}},"image":{"@type":"ImageObject","@id":"https:\/\/www.tomina.cz\/wp-content\/uploads\/pexels-rdne-8293778_2.jpg","url":"https:\/\/www.tomina.cz\/wp-content\/uploads\/pexels-rdne-8293778_2.jpg","height":0,"width":0},"keywords":null},{"@type":"Article","@id":"https:\/\/www.tomina.cz\/stehovani-nema-nikdo-rad\/","headline":"St\u011bhov\u00e1n\u00ed nem\u00e1 nikdo r\u00e1d","url":"https:\/\/www.tomina.cz\/stehovani-nema-nikdo-rad\/","datePublished":"2025-07-10","dateModified":"2025-07-10","mainEntityOfPage":"https:\/\/www.tomina.cz\/stehovani-nema-nikdo-rad\/","author":{"@type":"Person","@id":"https:\/\/www.tomina.cz\/author\/#Person","name":"","url":"https:\/\/www.tomina.cz\/author\/","identifier":1,"image":{"@type":"ImageObject","@id":"https:\/\/secure.gravatar.com\/avatar\/4faace62981be50719be6a25151192978e6d585737a520836dcb98934de3bb45?s=96&d=mm&r=g","url":"https:\/\/secure.gravatar.com\/avatar\/4faace62981be50719be6a25151192978e6d585737a520836dcb98934de3bb45?s=96&d=mm&r=g","height":96,"width":96}},"publisher":{"@type":"Organization","name":"tomina.cz","logo":{"@type":"ImageObject","@id":"\/logo.png","url":"\/logo.png","width":600,"height":60}},"image":{"@type":"ImageObject","@id":"https:\/\/www.tomina.cz\/wp-content\/uploads\/sssssss_10_10_10_10_2.jpg","url":"https:\/\/www.tomina.cz\/wp-content\/uploads\/sssssss_10_10_10_10_2.jpg","height":0,"width":0},"keywords":null},{"@type":"Article","@id":"https:\/\/www.tomina.cz\/prodejte-dum-uspesne\/","headline":"Prodejte d\u016fm \u00fasp\u011b\u0161n\u011b","url":"https:\/\/www.tomina.cz\/prodejte-dum-uspesne\/","datePublished":"2025-06-02","dateModified":"2025-07-08","mainEntityOfPage":"https:\/\/www.tomina.cz\/prodejte-dum-uspesne\/","author":{"@type":"Person","@id":"https:\/\/www.tomina.cz\/author\/#Person","name":"","url":"https:\/\/www.tomina.cz\/author\/","identifier":1,"image":{"@type":"ImageObject","@id":"https:\/\/secure.gravatar.com\/avatar\/4faace62981be50719be6a25151192978e6d585737a520836dcb98934de3bb45?s=96&d=mm&r=g","url":"https:\/\/secure.gravatar.com\/avatar\/4faace62981be50719be6a25151192978e6d585737a520836dcb98934de3bb45?s=96&d=mm&r=g","height":96,"width":96}},"publisher":{"@type":"Organization","name":"tomina.cz","logo":{"@type":"ImageObject","@id":"\/logo.png","url":"\/logo.png","width":600,"height":60}},"image":{"@type":"ImageObject","@id":"https:\/\/www.tomina.cz\/wp-content\/uploads\/pexels-thirdman-8470803.jpg","url":"https:\/\/www.tomina.cz\/wp-content\/uploads\/pexels-thirdman-8470803.jpg","height":0,"width":0},"keywords":null},{"@type":"Article","@id":"https:\/\/www.tomina.cz\/ibiskovy-caj-jako-vzpominka-na-gran-canaria\/","headline":"Ibi\u0161kov\u00fd \u010daj jako vzpom\u00ednka na Gran Canaria","url":"https:\/\/www.tomina.cz\/ibiskovy-caj-jako-vzpominka-na-gran-canaria\/","datePublished":"2024-05-10","dateModified":"2024-05-10","mainEntityOfPage":"https:\/\/www.tomina.cz\/ibiskovy-caj-jako-vzpominka-na-gran-canaria\/","author":{"@type":"Person","@id":"https:\/\/www.tomina.cz\/author\/#Person","name":"","url":"https:\/\/www.tomina.cz\/author\/","identifier":1,"image":{"@type":"ImageObject","@id":"https:\/\/secure.gravatar.com\/avatar\/4faace62981be50719be6a25151192978e6d585737a520836dcb98934de3bb45?s=96&d=mm&r=g","url":"https:\/\/secure.gravatar.com\/avatar\/4faace62981be50719be6a25151192978e6d585737a520836dcb98934de3bb45?s=96&d=mm&r=g","height":96,"width":96}},"publisher":{"@type":"Organization","name":"tomina.cz","logo":{"@type":"ImageObject","@id":"\/logo.png","url":"\/logo.png","width":600,"height":60}},"image":{"@type":"ImageObject","@id":"https:\/\/www.tomina.cz\/wp-content\/uploads\/gran-canaria-1684745_640.jpg","url":"https:\/\/www.tomina.cz\/wp-content\/uploads\/gran-canaria-1684745_640.jpg","height":0,"width":0},"keywords":null},{"@type":"Article","@id":"https:\/\/www.tomina.cz\/kdyz-to-v-posteli-neklape\/","headline":"Kdy\u017e to v posteli neklape","url":"https:\/\/www.tomina.cz\/kdyz-to-v-posteli-neklape\/","datePublished":"2023-11-19","dateModified":"2024-05-28","mainEntityOfPage":"https:\/\/www.tomina.cz\/kdyz-to-v-posteli-neklape\/","author":{"@type":"Person","@id":"https:\/\/www.tomina.cz\/author\/#Person","name":"","url":"https:\/\/www.tomina.cz\/author\/","identifier":1,"image":{"@type":"ImageObject","@id":"https:\/\/secure.gravatar.com\/avatar\/4faace62981be50719be6a25151192978e6d585737a520836dcb98934de3bb45?s=96&d=mm&r=g","url":"https:\/\/secure.gravatar.com\/avatar\/4faace62981be50719be6a25151192978e6d585737a520836dcb98934de3bb45?s=96&d=mm&r=g","height":96,"width":96}},"publisher":{"@type":"Organization","name":"tomina.cz","logo":{"@type":"ImageObject","@id":"\/logo.png","url":"\/logo.png","width":600,"height":60}},"image":{"@type":"ImageObject","@id":"https:\/\/www.tomina.cz\/wp-content\/uploads\/people-2588172_640_10.jpg","url":"https:\/\/www.tomina.cz\/wp-content\/uploads\/people-2588172_640_10.jpg","height":0,"width":0},"keywords":null},{"@type":"Article","@id":"https:\/\/www.tomina.cz\/provozujeme-autodopravu-a-rozvazime-ovoce-a-zeleninu\/","headline":"Provozujeme autodopravu a rozv\u00e1\u017e\u00edme ovoce a zeleninu","url":"https:\/\/www.tomina.cz\/provozujeme-autodopravu-a-rozvazime-ovoce-a-zeleninu\/","datePublished":"2023-09-26","dateModified":"2023-11-02","mainEntityOfPage":"https:\/\/www.tomina.cz\/provozujeme-autodopravu-a-rozvazime-ovoce-a-zeleninu\/","author":{"@type":"Person","@id":"https:\/\/www.tomina.cz\/author\/#Person","name":"","url":"https:\/\/www.tomina.cz\/author\/","identifier":1,"image":{"@type":"ImageObject","@id":"https:\/\/secure.gravatar.com\/avatar\/4faace62981be50719be6a25151192978e6d585737a520836dcb98934de3bb45?s=96&d=mm&r=g","url":"https:\/\/secure.gravatar.com\/avatar\/4faace62981be50719be6a25151192978e6d585737a520836dcb98934de3bb45?s=96&d=mm&r=g","height":96,"width":96}},"publisher":{"@type":"Organization","name":"tomina.cz","logo":{"@type":"ImageObject","@id":"\/logo.png","url":"\/logo.png","width":600,"height":60}},"image":{"@type":"ImageObject","@id":"https:\/\/www.tomina.cz\/wp-content\/uploads\/apples-4539102_640.jpg","url":"https:\/\/www.tomina.cz\/wp-content\/uploads\/apples-4539102_640.jpg","height":0,"width":0},"keywords":null},{"@type":"Article","@id":"https:\/\/www.tomina.cz\/pekne-divadlo-pro-deti\/","headline":"P\u011bkn\u00e9 divadlo pro d\u011bti","url":"https:\/\/www.tomina.cz\/pekne-divadlo-pro-deti\/","datePublished":"2023-02-10","dateModified":"2023-04-29","mainEntityOfPage":"https:\/\/www.tomina.cz\/pekne-divadlo-pro-deti\/","author":{"@type":"Person","@id":"https:\/\/www.tomina.cz\/author\/#Person","name":"","url":"https:\/\/www.tomina.cz\/author\/","identifier":1,"image":{"@type":"ImageObject","@id":"https:\/\/secure.gravatar.com\/avatar\/4faace62981be50719be6a25151192978e6d585737a520836dcb98934de3bb45?s=96&d=mm&r=g","url":"https:\/\/secure.gravatar.com\/avatar\/4faace62981be50719be6a25151192978e6d585737a520836dcb98934de3bb45?s=96&d=mm&r=g","height":96,"width":96}},"publisher":{"@type":"Organization","name":"tomina.cz","logo":{"@type":"ImageObject","@id":"\/logo.png","url":"\/logo.png","width":600,"height":60}},"image":{"@type":"ImageObject","@id":"https:\/\/www.tomina.cz\/wp-content\/uploads\/party-5998464_640_10.jpg","url":"https:\/\/www.tomina.cz\/wp-content\/uploads\/party-5998464_640_10.jpg","height":0,"width":0},"keywords":null}]}