[{"@context":"https:\/\/schema.org\/","@type":"Article","@id":"https:\/\/www.tomina.cz\/rodice-pripravte-se\/#Article","mainEntityOfPage":"https:\/\/www.tomina.cz\/rodice-pripravte-se\/","headline":"Rodi\u010de, p\u0159ipravte se!","name":"Rodi\u010de, p\u0159ipravte se!","description":"Za\u010d\u00e1tek \u0161koln\u00edho roku v\u017edycky je v\u017edycky chaotick\u00fd. Po dvou m\u011bs\u00edc\u00edch pr\u00e1zdnin je t\u011b\u017ek\u00e9 op\u011bt rodinn\u00fd rytmus p\u0159izp\u016fsobit \u0161koln\u00edmu re\u017eimu. Poj\u010fme se spole\u010dn\u011b pod\u00edvat na, jak cel\u00fd proces usnadnit. Nen\u00ed to jen o tom, co mus\u00edte ud\u011blat, ale i tom, co m\u016f\u017eete s\u00a0klidem nechat plavat. Rann\u00ed vst\u00e1v\u00e1n\u00ed a odchody do \u0161koly jsou v\u017edy n\u00e1ro\u010dn\u00e9, d\u011bti by...","datePublished":"2022-07-08","dateModified":"2022-07-08","author":{"@type":"Person","@id":"https:\/\/www.tomina.cz\/author\/#Person","name":"","url":"https:\/\/www.tomina.cz\/author\/","identifier":1,"image":{"@type":"ImageObject","@id":"https:\/\/secure.gravatar.com\/avatar\/4faace62981be50719be6a25151192978e6d585737a520836dcb98934de3bb45?s=96&d=mm&r=g","url":"https:\/\/secure.gravatar.com\/avatar\/4faace62981be50719be6a25151192978e6d585737a520836dcb98934de3bb45?s=96&d=mm&r=g","height":96,"width":96}},"publisher":{"@type":"Organization","name":"tomina.cz","logo":{"@type":"ImageObject","@id":"\/logo.png","url":"\/logo.png","width":600,"height":60}},"image":{"@type":"ImageObject","@id":"https:\/\/www.tomina.cz\/wp-content\/uploads\/timetable-3222252_640.jpg","url":"https:\/\/www.tomina.cz\/wp-content\/uploads\/timetable-3222252_640.jpg","height":0,"width":0},"url":"https:\/\/www.tomina.cz\/rodice-pripravte-se\/","about":["Vzd\u011bl\u00e1n\u00ed\r"],"wordCount":567,"articleBody":"Za\u010d\u00e1tek \u0161koln\u00edho roku v\u017edycky je v\u017edycky chaotick\u00fd. Po dvou m\u011bs\u00edc\u00edch pr\u00e1zdnin je t\u011b\u017ek\u00e9 op\u011bt rodinn\u00fd rytmus p\u0159izp\u016fsobit \u0161koln\u00edmu re\u017eimu. Poj\u010fme se spole\u010dn\u011b pod\u00edvat na, jak cel\u00fd proces usnadnit. Nen\u00ed to jen o tom, co mus\u00edte ud\u011blat, ale i tom, co m\u016f\u017eete s\u00a0klidem nechat plavat.Rann\u00ed vst\u00e1v\u00e1n\u00ed a odchody do \u0161koly jsou v\u017edy n\u00e1ro\u010dn\u00e9, d\u011bti by nejrad\u0161i spaly a p\u0159esv\u011bd\u010dit je ke spolupr\u00e1ci, to se rovn\u00e1 z\u00e1zraku. Zkuste si proto zav\u00e9st ve\u010dern\u00ed rutinu, kdy spole\u010dn\u011b s\u00a0d\u011btmi nachyst\u00e1te v\u011bt\u0161inu v\u011bc\u00ed na dal\u0161\u00ed den, abyste r\u00e1no m\u011bli jen minimum povinnost\u00ed. Ve\u010der m\u016f\u017eete s\u00a0d\u011btmi sbalit \u0161koln\u00ed aktovky, nachystat v\u0161echny pom\u016fcky, vybrat oble\u010den\u00ed na n\u00e1sleduj\u00edc\u00ed den. A\u017e budete chystat sva\u010dinu do \u0161koly, nachystejte rovnou i sn\u00eddani, r\u00e1no si budete d\u011bkovat. Pro v\u011bt\u0161\u00ed n\u00e1zornost m\u016f\u017eete sepsat seznam \u00fakol\u016f, kter\u00e9 je t\u0159eba ka\u017ed\u00fd ve\u010der ud\u011blat a spole\u010dn\u011b z\u00a0n\u011bj od\u0161krt\u00e1vat, a\u0165 vid\u00edte, co u\u017e m\u00e1te hotov\u00e9.Domluvte si, jak bude prob\u00edhat do \u0161koly a ze \u0161koly. Budou d\u011bti chodit nebo jezdit samy? Budete je doprov\u00e1zet? Budete je vozit autem? A bude to r\u00e1no prob\u00edhat stejn\u011b jako odpoledne? A jak to bude s\u00a0dopravou na krou\u017eky? Ne\u010dekejte, \u017ee se tohle vy\u0159e\u0161\u00ed za pochodu, sp\u00ed\u0161 si zkuste ud\u011blat pl\u00e1n, kter\u00fd pak m\u016f\u017eete upravovat. Vy i d\u011bti se budete c\u00edtit l\u00e9pe, kdy\u017e budete v\u011bd\u011bt, co a jak. Po\u0159i\u010fte si t\u00fddenn\u00ed n\u00e1st\u011bnn\u00fd pl\u00e1nova\u010d! Krom\u011b d\u011btsk\u00fdch rozvrh\u016f a krou\u017ek\u016f tam m\u016f\u017eete zapisovat i svoje pracovn\u00ed povinnosti, n\u00e1kupy, \u00faklidy nebo dom\u00e1c\u00ed povinnosti. V\u0161ichni to budete m\u00edt na o\u010d\u00edch a u\u017e vyhnete se v\u00fdmluv\u00e1m \u201eJ\u00e1 na to zapomn\u011bl\/a!\u201cA co si naopak na za\u010d\u00e1tku \u0161koln\u00edho roku m\u016f\u017eete odpustit? Nasko\u010dit po pr\u00e1zdnin\u00e1ch zase do proudu u\u010den\u00ed je pro d\u011bti t\u011b\u017ek\u00e9. A n\u011bkte\u0159\u00ed u\u010ditel\u00e9 tomu nep\u0159id\u00e1vaj\u00ed a sna\u017e\u00ed se testovat, co jim rozvrh dovol\u00ed. Tak zkuste nebrat zn\u00e1mky tak v\u00e1\u017en\u011b. Ono toti\u017e testov\u00e1n\u00ed jedn\u00e9 specifick\u00e9 znalosti nebo dovednosti, jedn\u00edm zp\u016fsobem a pouze jednou v\u00a0r\u00e1mci testu, nem\u00e1 takovou v\u00fdpov\u011bdn\u00ed hodnotu, jak si mysl\u00edme. Mo\u017en\u00e1 m\u011blo d\u00edt\u011b \u0161patn\u00fd den, mo\u017en\u00e1 m\u011bla \u0161patn\u00fd den u\u010ditelka, mo\u017en\u00e1 byla \u0161patn\u011b polo\u017een\u00e1 ot\u00e1zka a v\u00fdsledek prost\u011b nebyl na jedni\u010dku. Ale to nevypov\u00edd\u00e1 o tom, jestli je va\u0161e d\u00edt\u011b chytr\u00e9 nebo ne, dokonce to ani nevypov\u00edd\u00e1 o tom, jestli danou l\u00e1tku ovl\u00e1d\u00e1 (o t\u00fdden pozd\u011bji by mohlo m\u00edt perfektn\u00ed v\u00fdsledek). Prost\u011b se zkuste v\u00edc zam\u011b\u0159it na to, aby va\u0161e d\u00edt\u011b bylo spokojen\u00e9, \u0161\u0165astn\u00e9 a v\u011bnovalo se tomu, co ho bav\u00ed. Dobr\u00e9 zn\u00e1mky nejsou z\u00e1rukou \u0161t\u011bst\u00ed, ani toho dne\u0161n\u00edho, ani toho budouc\u00edho. Tak si dovolte s\u00a0nov\u00fdm \u0161koln\u00edm rokem i trochu uvolnit svoje o\u010dek\u00e1v\u00e1n\u00ed.                                                                                                                                                                                                                                                                                                                                                                                        4.1\/5 - (8 votes)        "},{"@context":"https:\/\/schema.org\/","@type":"BreadcrumbList","itemListElement":[{"@type":"ListItem","position":1,"name":"Rodi\u010de, p\u0159ipravte se!","item":"https:\/\/www.tomina.cz\/rodice-pripravte-se\/#breadcrumbitem"}]}]