[{"@context":"https:\/\/schema.org\/","@type":"Article","@id":"https:\/\/www.tomina.cz\/skvele-izolovana-okna\/#Article","mainEntityOfPage":"https:\/\/www.tomina.cz\/skvele-izolovana-okna\/","headline":"Skv\u011ble izolovan\u00e1 okna","name":"Skv\u011ble izolovan\u00e1 okna","description":"Okna nejsou v \u017e\u00e1dn\u00e9m p\u0159\u00edpad\u011b v\u00fddobytkem modern\u00ed civilizace. Byly pou\u017e\u00edv\u00e1ny ji\u017e od ran\u00e9ho novov\u011bku, kde slou\u017eili p\u0159edev\u0161\u00edm k praktick\u00fdm \u00fa\u010del\u016fm. Dnes je v\u0161ak doba jin\u00e1 a vedle prakti\u010dnosti se klade d\u016fraz tak\u00e9 na estetickou str\u00e1nku. Eurookna spl\u0148uj\u00ed v\u0161echny p\u0159edpoklady, kter\u00e9 jsou u oken \u017e\u00e1douc\u00ed! V\u011bd\u011bli jste, \u017ee p\u0159i \u0159\u00e1dn\u00e9 ka\u017edoro\u010dn\u00ed \u00fadr\u017eb\u011b vydr\u017e\u00ed eurookna cel\u00e9 generace?...","datePublished":"2024-12-27","dateModified":"2024-12-27","author":{"@type":"Person","@id":"https:\/\/www.tomina.cz\/author\/#Person","name":"","url":"https:\/\/www.tomina.cz\/author\/","identifier":1,"image":{"@type":"ImageObject","@id":"https:\/\/secure.gravatar.com\/avatar\/4faace62981be50719be6a25151192978e6d585737a520836dcb98934de3bb45?s=96&d=mm&r=g","url":"https:\/\/secure.gravatar.com\/avatar\/4faace62981be50719be6a25151192978e6d585737a520836dcb98934de3bb45?s=96&d=mm&r=g","height":96,"width":96}},"publisher":{"@type":"Organization","name":"tomina.cz","logo":{"@type":"ImageObject","@id":"\/logo.png","url":"\/logo.png","width":600,"height":60}},"url":"https:\/\/www.tomina.cz\/skvele-izolovana-okna\/","wordCount":167,"articleBody":"Okna nejsou v \u017e\u00e1dn\u00e9m p\u0159\u00edpad\u011b v\u00fddobytkem modern\u00ed civilizace. Byly pou\u017e\u00edv\u00e1ny ji\u017e od ran\u00e9ho novov\u011bku, kde slou\u017eili p\u0159edev\u0161\u00edm k praktick\u00fdm \u00fa\u010del\u016fm. Dnes je v\u0161ak doba jin\u00e1 a vedle prakti\u010dnosti se klade d\u016fraz tak\u00e9 na estetickou str\u00e1nku. Eurookna spl\u0148uj\u00ed v\u0161echny p\u0159edpoklady, kter\u00e9 jsou u oken \u017e\u00e1douc\u00ed! V\u011bd\u011bli jste, \u017ee p\u0159i \u0159\u00e1dn\u00e9 ka\u017edoro\u010dn\u00ed \u00fadr\u017eb\u011b vydr\u017e\u00ed eurookna cel\u00e9 generace? Pokud ne, tak v\u011bzte, \u017ee jejich n\u00e1kup se V\u00e1m rozhodn\u011b vyplat\u00ed. V dlouhodob\u00e9m m\u011b\u0159\u00edtku se V\u00e1m investice do Va\u0161ich oken n\u011bkolikan\u00e1sobn\u011b vr\u00e1t\u00ed i s \u00faroky. Skv\u011ble izolovan\u00e1 okna Krom\u011b skv\u011bl\u00e9 izolace se eurookna vyzna\u010duj\u00ed takt\u00e9\u017e dlouhou \u017eivotnost\u00ed a vysokou odolnost\u00ed. Nemus\u00edte se b\u00e1t, \u017ee by se V\u00e1m na\u0161e okna brzy rozbila, za jejich v\u00fddr\u017e ru\u010d\u00edme! Kdo jin\u00fd je V\u00e1m schopen nab\u00eddnout takov\u00e9 v\u00fdhody?                                                                                                                                                                                                                                                                                                                                                                                        5\/5 - (1 vote)        "},{"@context":"https:\/\/schema.org\/","@type":"BreadcrumbList","itemListElement":[{"@type":"ListItem","position":1,"name":"Skv\u011ble izolovan\u00e1 okna","item":"https:\/\/www.tomina.cz\/skvele-izolovana-okna\/#breadcrumbitem"}]}]