[{"@context":"https:\/\/schema.org\/","@type":"Article","@id":"https:\/\/www.tomina.cz\/uzivejte-duchodoveho-veku-plnymi-dousky\/#Article","mainEntityOfPage":"https:\/\/www.tomina.cz\/uzivejte-duchodoveho-veku-plnymi-dousky\/","headline":"U\u017e\u00edvejte d\u016fchodov\u00e9ho v\u011bku pln\u00fdmi dou\u0161ky","name":"U\u017e\u00edvejte d\u016fchodov\u00e9ho v\u011bku pln\u00fdmi dou\u0161ky","description":"Dos\u00e1hli jste d\u016fchodov\u00e9ho v\u011bku? Potom m\u00e1te jedine\u010dnou p\u0159\u00edle\u017eitost za\u010d\u00edt pozn\u00e1vat \u010ceskou republiku a cestovat v\u00edce ne\u017e kdy p\u0159edt\u00edm. A nakonec nemus\u00edte z\u016fst\u00e1vat pouze doma, ale d\u00edky n\u00e1m m\u00e1te mo\u017enost vyrazit i za hranice, a u\u017e\u00edvat si skv\u011bl\u00fdch pobyt\u016f pro seniory, kter\u00e9 v\u00e1m nab\u00eddnou kvalitn\u00ed dovolenou t\u0159eba s ozdravn\u00fdm programem. Ka\u017ed\u00fd \u010dlov\u011bk m\u00e1 sv\u00e9 vlastn\u00ed p\u0159edstavy...","datePublished":"2025-08-29","dateModified":"2025-08-29","author":{"@type":"Person","@id":"https:\/\/www.tomina.cz\/author\/#Person","name":"","url":"https:\/\/www.tomina.cz\/author\/","identifier":1,"image":{"@type":"ImageObject","@id":"https:\/\/secure.gravatar.com\/avatar\/4faace62981be50719be6a25151192978e6d585737a520836dcb98934de3bb45?s=96&d=mm&r=g","url":"https:\/\/secure.gravatar.com\/avatar\/4faace62981be50719be6a25151192978e6d585737a520836dcb98934de3bb45?s=96&d=mm&r=g","height":96,"width":96}},"publisher":{"@type":"Organization","name":"tomina.cz","logo":{"@type":"ImageObject","@id":"\/logo.png","url":"\/logo.png","width":600,"height":60}},"url":"https:\/\/www.tomina.cz\/uzivejte-duchodoveho-veku-plnymi-dousky\/","wordCount":253,"articleBody":"Dos\u00e1hli jste d\u016fchodov\u00e9ho v\u011bku? Potom m\u00e1te jedine\u010dnou p\u0159\u00edle\u017eitost za\u010d\u00edt pozn\u00e1vat \u010ceskou republiku a cestovat v\u00edce ne\u017e kdy p\u0159edt\u00edm. A nakonec nemus\u00edte z\u016fst\u00e1vat pouze doma, ale d\u00edky n\u00e1m m\u00e1te mo\u017enost vyrazit i za hranice, a u\u017e\u00edvat si skv\u011bl\u00fdch pobyt\u016f pro seniory, kter\u00e9 v\u00e1m nab\u00eddnou kvalitn\u00ed dovolenou t\u0159eba s ozdravn\u00fdm programem. Ka\u017ed\u00fd \u010dlov\u011bk m\u00e1 sv\u00e9 vlastn\u00ed p\u0159edstavy o tr\u00e1ven\u00ed voln\u00e9ho \u010dasu. A proto\u017ee d\u016fchodov\u00fd v\u011bk nab\u00edz\u00ed tohoto volna mnohem v\u00edce, ne\u017e kdy\u017e je \u010dlov\u011bk zap\u0159a\u017een v pracovn\u00edm procesu a nav\u00edc se mo\u017en\u00e1 star\u00e1 o mal\u00e9 d\u011bti, ur\u010dit\u011b neprohloup\u00edte, pokud se chop\u00edte n\u011bkter\u00e9 z nab\u00eddek na\u0161eho internetov\u00e9ho port\u00e1lu a vyberete si pr\u00e1v\u011b ten sv\u016fj pobytov\u00fd bal\u00ed\u010dek. Na\u010derpejte nov\u00e9 s\u00edly M\u00e1te dlouhou chv\u00edli i pocit, \u017ee v\u00e1m jaksi ub\u00fdvaj\u00ed s\u00edly a pot\u0159ebovali byste n\u011bjakou zm\u011bnu, n\u011bjak\u00e9 povzbuzen\u00ed, n\u011bjak\u00e9 ozdraven\u00ed sv\u00e9ho organismu? Zkuste nap\u0159\u00edklad n\u011bjak\u00fd l\u00e1ze\u0148sk\u00fd bal\u00ed\u010dek, kter\u00fd bude u\u0161it\u00fd p\u0159esn\u011b na m\u00edru v\u00e1m a va\u0161im pot\u0159eb\u00e1m. Nebo d\u00e1te rad\u011bji p\u0159ednost tepl\u00e9 a vyh\u0159\u00e1t\u00e9 pl\u00e1\u017ei? P\u0159\u00edmo\u0159sk\u00e1 letoviska i l\u00e1ze\u0148sk\u00e9 domy v \u010cesk\u00e9 republice \u010dekaj\u00ed pr\u00e1v\u011b na v\u00e1s!                                                                                                                                                                                                                                                                                                                                                                                                "},{"@context":"https:\/\/schema.org\/","@type":"BreadcrumbList","itemListElement":[{"@type":"ListItem","position":1,"name":"U\u017e\u00edvejte d\u016fchodov\u00e9ho v\u011bku pln\u00fdmi dou\u0161ky","item":"https:\/\/www.tomina.cz\/uzivejte-duchodoveho-veku-plnymi-dousky\/#breadcrumbitem"}]}]