[{"@context":"https:\/\/schema.org\/","@type":"Article","@id":"https:\/\/www.tomina.cz\/vsade-same-obalky\/#Article","mainEntityOfPage":"https:\/\/www.tomina.cz\/vsade-same-obalky\/","headline":"V\u0161ade sam\u00e9 ob\u00e1lky","name":"V\u0161ade sam\u00e9 ob\u00e1lky","description":"December sa v pr\u00e1ci v\u017edy niesol v znamen\u00ed zv\u00fd\u0161en\u00e9ho po\u010dtu prijatej po\u0161ty. Zatia\u013e \u010do v be\u017en\u00fdch mesiacoch by to znamenalo aj zv\u00fd\u0161en\u00e9 mno\u017estvo nutne vykonanej pr\u00e1ce, tentoraz to b\u00fdvalo inak. V\u0161etci klienti, \u010di obchodn\u00ed partneri na n\u00e1s mysleli a posielali n\u00e1m \u017eelania toho najlep\u0161ieho do nadch\u00e1dzaj\u00facich dn\u00ed. Niet nad osobn\u00e9 \u017eelanie Je to pekn\u00fd zvyk,...","datePublished":"2023-11-20","dateModified":"2023-11-20","author":{"@type":"Person","@id":"https:\/\/www.tomina.cz\/author\/#Person","name":"","url":"https:\/\/www.tomina.cz\/author\/","identifier":1,"image":{"@type":"ImageObject","@id":"https:\/\/secure.gravatar.com\/avatar\/4faace62981be50719be6a25151192978e6d585737a520836dcb98934de3bb45?s=96&d=mm&r=g","url":"https:\/\/secure.gravatar.com\/avatar\/4faace62981be50719be6a25151192978e6d585737a520836dcb98934de3bb45?s=96&d=mm&r=g","height":96,"width":96}},"publisher":{"@type":"Organization","name":"tomina.cz","logo":{"@type":"ImageObject","@id":"\/logo.png","url":"\/logo.png","width":600,"height":60}},"url":"https:\/\/www.tomina.cz\/vsade-same-obalky\/","wordCount":229,"articleBody":"December sa v pr\u00e1ci v\u017edy niesol v znamen\u00ed zv\u00fd\u0161en\u00e9ho po\u010dtu prijatej po\u0161ty. Zatia\u013e \u010do v be\u017en\u00fdch mesiacoch by to znamenalo aj zv\u00fd\u0161en\u00e9 mno\u017estvo nutne vykonanej pr\u00e1ce, tentoraz to b\u00fdvalo inak. V\u0161etci klienti, \u010di obchodn\u00ed partneri na n\u00e1s mysleli a posielali n\u00e1m \u017eelania toho najlep\u0161ieho do nadch\u00e1dzaj\u00facich dn\u00ed.Niet nad osobn\u00e9 \u017eelanieJe to pekn\u00fd zvyk, spomen\u00fa\u0165 si na \u013eud\u00ed, s ktor\u00fdmi be\u017ene prich\u00e1dzate do kontaktu a akosi v\u00e1s nenapadne po\u010dastova\u0165 ich dobr\u00fdm slovom. Nie preto, \u017ee nechcete, ale v z\u00e1plave z\u00e1le\u017eitost\u00ed, ktor\u00e9 mus\u00edte vyrie\u0161i\u0165, akosi nezost\u00e1va \u010das. V\u0161etky doru\u010den\u00e9 novoro\u010denky si obvykle vystavujem na parapete najbli\u017e\u0161ieho okna, aby som na ne dobre videla a in\u0161pirovali ma pri tvorbe vlastn\u00fdch. Okrem toho vytv\u00e1raj\u00fa origin\u00e1lnu dekor\u00e1ciu, m\u00f4\u017eete ich ma\u0165 len tak polo\u017een\u00e9, alebo pripevnen\u00e9 dreven\u00fdm \u0161tipcom na konopnej \u0161n\u00farke. V poslednej dobe sa vrece roztrhlo aj s e-mailov\u00fdmi \u017eelaniami, ale prizn\u00e1m sa, \u017ee tie nem\u00e1m a\u017e tak rada, preto\u017ee s nimi si odosielate\u013e nedal skoro \u017eiadnu pr\u00e1cu. A vymyslie\u0165 len jedno a umiestni\u0165 ho na soci\u00e1lnu sie\u0165? Aj to je mo\u017enos\u0165, ale nenazna\u010duje o v\u00e1s ni\u010d lichotiv\u00e9.                                                                                                                                                                                                                                                                                                                                                                                        4.2\/5 - (6 votes)        "},{"@context":"https:\/\/schema.org\/","@type":"BreadcrumbList","itemListElement":[{"@type":"ListItem","position":1,"name":"V\u0161ade sam\u00e9 ob\u00e1lky","item":"https:\/\/www.tomina.cz\/vsade-same-obalky\/#breadcrumbitem"}]}]