[{"@context":"https:\/\/schema.org\/","@type":"Article","@id":"https:\/\/www.tomina.cz\/zaklinac-fenomen-ze-sveta-fantasy\/#Article","mainEntityOfPage":"https:\/\/www.tomina.cz\/zaklinac-fenomen-ze-sveta-fantasy\/","headline":"Zakl\u00edna\u010d, fenom\u00e9n ze sv\u011bta fantasy","name":"Zakl\u00edna\u010d, fenom\u00e9n ze sv\u011bta fantasy","description":"Polsk\u00fd spisovatel Andrzej Sapkowski zrodil legendu. Fantasi s\u00e1ga o zakl\u00edna\u010di z Rivie trhala \u010dten\u00e1\u0159sk\u00e9 legendy a dodnes je velice obl\u00edben\u00e1. O tom sv\u011bd\u010d\u00ed i z\u00e1jem filma\u0159\u016f a tv\u016frc\u016f her, kte\u0159\u00ed se o tuto s\u00e1gu op\u00edraj\u00ed. Samotn\u00fd autor knih za\u010dal psan\u00edm pov\u00eddek v roce 1986 a nedlouho na to se stal nejobl\u00edben\u011bj\u0161\u00edm polsk\u00fdm fantasy autorem v...","datePublished":"2019-08-11","dateModified":"2023-04-29","author":{"@type":"Person","@id":"https:\/\/www.tomina.cz\/author\/#Person","name":"","url":"https:\/\/www.tomina.cz\/author\/","identifier":1,"image":{"@type":"ImageObject","@id":"https:\/\/secure.gravatar.com\/avatar\/4faace62981be50719be6a25151192978e6d585737a520836dcb98934de3bb45?s=96&d=mm&r=g","url":"https:\/\/secure.gravatar.com\/avatar\/4faace62981be50719be6a25151192978e6d585737a520836dcb98934de3bb45?s=96&d=mm&r=g","height":96,"width":96}},"publisher":{"@type":"Organization","name":"tomina.cz","logo":{"@type":"ImageObject","@id":"\/logo.png","url":"\/logo.png","width":600,"height":60}},"image":{"@type":"ImageObject","@id":"https:\/\/www.tomina.cz\/wp-content\/uploads\/img_a352845_w2969_t1567251174.jpg","url":"https:\/\/www.tomina.cz\/wp-content\/uploads\/img_a352845_w2969_t1567251174.jpg","height":0,"width":0},"url":"https:\/\/www.tomina.cz\/zaklinac-fenomen-ze-sveta-fantasy\/","about":["Kultura"],"wordCount":427,"articleBody":"Polsk\u00fd spisovatel Andrzej Sapkowski zrodil legendu. Fantasi s\u00e1ga o zakl\u00edna\u010di z Rivie trhala \u010dten\u00e1\u0159sk\u00e9 legendy a dodnes je velice obl\u00edben\u00e1. O tom sv\u011bd\u010d\u00ed i z\u00e1jem filma\u0159\u016f a tv\u016frc\u016f her, kte\u0159\u00ed se o tuto s\u00e1gu op\u00edraj\u00ed. Samotn\u00fd autor knih za\u010dal psan\u00edm pov\u00eddek v roce 1986 a nedlouho na to se stal nejobl\u00edben\u011bj\u0161\u00edm polsk\u00fdm fantasy autorem v \u010dasopisu Fantastyka. Jedn\u00e1 se o jednoho z nejobl\u00edben\u011bj\u0161\u00edch fantasy spisovatel\u016f jak u n\u00e1s, tak na Slovensku, v Rusku a celkov\u011b ve v\u00fdchodn\u00ed Evrop\u011b. Knihy jsou samoz\u0159ejm\u011b p\u0159elo\u017eeny do n\u011bkolika sv\u011btov\u00fdch jazyk\u016f.  S\u00e9rie o zakl\u00edna\u010di z Rivie sleduje osudy dan\u00e9ho zakl\u00edna\u010de a p\u0159edev\u0161\u00edm d\u011bv\u010dete Cirily, kter\u00e1 je s n\u00edm osudem spojena, l\u00e1sky zakl\u00edna\u010de Yennifer, mocn\u00e9 \u010darod\u011bjky. Pokud m\u00e1te r\u00e1di fantasy a je\u0161t\u011b se k v\u00e1m tato kultovn\u00ed s\u00e9rie nedostala, nev\u00e1hejte a pus\u0165te se do n\u00ed. Opravdu stoj\u00ed za p\u0159e\u010dten\u00ed. Stejn\u011b jako jin\u00e9 \u00fasp\u011b\u0161n\u00e9 fantasy s\u00e1gy i tato se do\u010dkala hned n\u011bkolika adaptac\u00ed. Tou prvn\u00ed byl komiks. Prvn\u00ed komiksy vy\u0161ly v letech 1993 \u2013 1995, kdy vy\u0161el \u0161estisvazkov\u00fd komiksov\u00fd seri\u00e1l. Na n\u011bm spolupracoval s\u00e1m autor knih. S\u00e9rie se samoz\u0159ejm\u011b nevyhnula ani pozornosti filma\u0159\u016f, kte\u0159\u00ed se do jeho zpracov\u00e1n\u00ed pustili v roce 2001. Zpracov\u00e1n byl televizn\u00ed seri\u00e1l, kter\u00fd byl n\u00e1sledn\u011b sest\u0159\u00edh\u00e1n do filmu. Adaptace se v\u0161ak velice nepovedla a fanou\u0161ky ani samotn\u00fdm autorem nebyla zrovna dob\u0159e p\u0159ijata. To se mo\u017en\u00e1 zm\u011bn\u00ed v budoucnu. V sou\u010dasn\u00e9 dob\u011b se toti\u017e sv\u011bt milovn\u00edk\u016f fantasy to\u010d\u00ed p\u0159edev\u0161\u00edm kolem seri\u00e1lu, kter\u00fd se chyst\u00e1 na obrazovky televizor\u016f. Seri\u00e1l takt\u00e9\u017e sleduje kni\u017en\u00ed p\u0159edlohy a t\u00edm p\u00e1dem n\u00e1s vylo\u017een\u011b nep\u0159ekvap\u00ed, m\u016f\u017eeme se v\u0161ak t\u011b\u0161it na zpracov\u00e1n\u00ed. Ji\u017e v sou\u010dasn\u00e9 dob\u011b je v\u0161ak kritizov\u00e1no hereck\u00e9 obsazen\u00ed.  Podle zakl\u00edna\u010dsk\u00e9 s\u00e9rie byla vytvo\u0159ena tak\u00e9 po\u010d\u00edta\u010dov\u00e1 hra Zakl\u00edna\u010d, kter\u00e1 rozv\u00edj\u00ed zakl\u00edna\u010d\u016fv p\u0159\u00edb\u011bh. Tato hra byla samoz\u0159ejm\u011b roz\u0161\u00ed\u0159en\u00e1 o dal\u0161\u00ed dv\u011b hern\u00ed adaptace, zakl\u00edna\u010d 2 a 3. Ocen\u011bna byla grafika her, av\u0161ak autor s\u00e1gy si tvorbu p\u0159\u00edb\u011bh\u016f o zakl\u00edna\u010di vyhrazuje pro sebe, \u010d\u00edm\u017e se hry o zakl\u00edna\u010di staly takzvan\u00fdm k\u00e1nonem.                                                                                                                                                                                                                                                                                                                                                                                         4.2\/5 - (12 votes)        "},{"@context":"https:\/\/schema.org\/","@type":"BreadcrumbList","itemListElement":[{"@type":"ListItem","position":1,"name":"Zakl\u00edna\u010d, fenom\u00e9n ze sv\u011bta fantasy","item":"https:\/\/www.tomina.cz\/zaklinac-fenomen-ze-sveta-fantasy\/#breadcrumbitem"}]}]